{"id":1030,"date":"2020-04-15T10:28:21","date_gmt":"2020-04-15T10:28:21","guid":{"rendered":"https:\/\/krankenhauspfarramt.de\/index.php\/2020\/04\/15\/orgel-des-monats-april-2020-der-stiftung-orgelklang-ekd\/"},"modified":"2020-04-15T10:28:25","modified_gmt":"2020-04-15T10:28:25","slug":"orgel-des-monats-april-2020-der-stiftung-orgelklang-ekd","status":"publish","type":"post","link":"https:\/\/krankenhauspfarramt.de\/index.php\/2020\/04\/15\/orgel-des-monats-april-2020-der-stiftung-orgelklang-ekd\/","title":{"rendered":"\u201eOrgel des Monats April 2020\u201c der Stiftung Orgelklang \u2013 EKD"},"content":{"rendered":"<p> <br \/>\n<\/p>\n<div id=\"\">\n<div class=\"article--meta article--meta__border clearfix\">\n<p>                                    <time datetime=\"15.04.2020 10:00\" class=\"article--time\">15.04.2020<\/time><strong class=\"article--type primus--overline\">Pressemitteilung<\/strong><\/p>\n<p><a href=\"https:\/\/www.ekd.de\/index.htm\" class=\"article--source\" target=\"_blank\" rel=\"noopener noreferrer\"><\/p>\n<picture class=\"article--source-image image\"><source srcset=\"\/ekd_de\/ds_img\/assets\/20170622_ekd-Quellenlogo_141.png\"><!--<source srcset=\"\/ekd_de\/ds_img\/assets\/20170622_ekd-Quellenlogo_141_rdax_141x59.png 1x, \/ekd_de\/ds_img\/assets\/20170622_ekd-Quellenlogo_141_rdax_282x118.png 2x, \/ekd_de\/ds_img\/assets\/20170622_ekd-Quellenlogo_141.png 3x\">--><\/source><\/picture><\/a><\/p><\/div>\n<h2 class=\"article--sub-headline primus--sub-headline\">Rekonstruktion eines Meisterwerks in Wei\u00dfenfels<\/h2>\n<\/p><\/div>\n<div id=\"\">\n<p style=\"margin-bottom:0.0001pt; margin-left:0cm; margin-right:0cm; margin-top:0cm\">Die \u201eOrgel des Monats April 2020\u201c der Stiftung Orgelklang befindet sich in der Marienkirche in Wei\u00dfenfels (Sachsen-Anhalt). Das dreimanualige Instrument gilt als das Meisterwerk von Friedrich Ladegast (1818 \u2013 1905). Die von der Evangelischen Kirche in Deutschland (EKD) gegr\u00fcndete Stiftung f\u00f6rdert die Sanierung der Orgel, eine Projektspende inklusive, mit 9.000 Euro.<\/p>\n<p style=\"margin-bottom:0.0001pt; margin-left:0cm; margin-right:0cm; margin-top:0cm\">\u00a0<\/p>\n<p style=\"margin-bottom:0.0001pt; margin-left:0cm; margin-right:0cm; margin-top:0cm\">Friedrich Ladegast entwarf die hochromantische Orgel in Wei\u00dfenfels in den Jahren 1862 &#8211; 1864 urspr\u00fcnglich als zweimanualiges Werk mit 19 Registern. Nachdem auf sein Anraten hin die zweite Empore in St. Marien entfernt und damit die Akustik in der Kirche verbessert wurde, konnte der ber\u00fchmte Orgelbauer sein Vorhaben erweitern. Die schlie\u00dflich mit drei Manualen und 41 Registern ausgestattete Orgel gilt als eines der bedeutendsten Instrumente der Romantik.<\/p>\n<p style=\"margin-bottom:0.0001pt; margin-left:0cm; margin-right:0cm; margin-top:0cm\">\u00a0<\/p>\n<p style=\"margin-bottom:0.0001pt; margin-left:0cm; margin-right:0cm; margin-top:0cm\">Im Laufe der Zeit ist das Instrument mehrfach umgebaut und dem jeweiligen Zeitgeschmack angepasst worden. Die derzeitige Restaurierung zielt darauf, es baulich und klanglich wieder in den originalen Zustand zur\u00fcckzuf\u00fchren. Seit Ende 2018 laufen die Ma\u00dfnahmen. \u201eDie Windladen sind fertig, nun sind die Pfeifen an der Reihe. Alte Pfeifen werden erneuert, andere wieder zur\u00fcckgebaut\u201c, sagt der Vorsitzende des Gemeindekirchenrates, Kai Schmidt. Wenn alle Arbeiten, die das Innere der Orgel betreffen, beendet sind, soll auch das neogotische Kiefernholz-Geh\u00e4use restauriert werden.<\/p>\n<p style=\"margin-bottom:0.0001pt; margin-left:0cm; margin-right:0cm; margin-top:0cm\">\u00a0<\/p>\n<p style=\"margin-bottom:0.0001pt; margin-left:0cm; margin-right:0cm; margin-top:0cm\">F\u00fcr das Vorhaben sind insgesamt 470.000 Euro veranschlagt, die Stiftung Orgelklang f\u00f6rdert die Ma\u00dfnahmen, eine Projektspende inklusive, mit 9.000 Euro. \u201e\u00dcberrascht und dankbar\u201c ist Kai Schmidt auch im Blick auf die Unterst\u00fctzung in der Gemeinde. Ein Verein wurde gegr\u00fcndet, Spenden kamen durch Konzerte und Gaben in den Opferstock in der Kirche zusammen. \u201e\u00dcber die Jahre konnten so rund 60.000 Euro gesammelt werden!\u201c Sp\u00e4testens zum Ostergottesdienst 2021 soll die Ladegast-Orgel wieder zum Einsatz kommen.<\/p>\n<p style=\"margin-bottom:0.0001pt; margin-left:0cm; margin-right:0cm; margin-top:0cm\">\u00a0<\/p>\n<p style=\"margin-bottom:0.0001pt; margin-left:0cm; margin-right:0cm; margin-top:0cm\"><span style=\"line-height:13.5pt\"><em>Die Stiftung Orgelklang der Evangelischen Kirche in Deutschland (EKD) pr\u00e4sentiert in jedem Monat eine \u201eOrgel des Monats\u201c. In diesem Jahr f\u00f6rdert sie 19 Projekte in einem Gesamtumfang von 55.500 Euro (bzw. 110.000 Euro inkl. Projektspenden). Seit 2010 hat sie 221 F\u00f6rderzusagen \u00fcber mehr als 1,3 Millionen Euro gegeben (bzw. \u00fcber mehr als 1,8 Millionen Euro inkl. Projektspenden). Weitere Informationen finden Sie im Internet unter <\/em>www.stiftung-orgelklang.de.<\/span><\/p>\n<p class=\"EKDFlietext\" style=\"margin-bottom:0.0001pt; margin-left:0cm; margin-right:0cm; margin-top:0cm\">\u00a0<\/p>\n<p class=\"EKDFlietext\" style=\"margin-bottom:0.0001pt; margin-left:0cm; margin-right:0cm; margin-top:0cm\">Hannover, 15. April 2020<\/p>\n<p class=\"EKDFlietext\" style=\"margin-bottom:0.0001pt; margin-left:0cm; margin-right:0cm; margin-top:0cm\">\u00a0<\/p>\n<p class=\"EKDFlietext\" style=\"margin-bottom:0.0001pt; margin-left:0cm; margin-right:0cm; margin-top:0cm\">Pressestelle der EKD<\/p>\n<\/div>\n","protected":false},"excerpt":{"rendered":"<p>15.04.2020Pressemitteilung Rekonstruktion eines Meisterwerks in Wei\u00dfenfels Die \u201eOrgel des Monats April 2020\u201c der Stiftung Orgelklang befindet sich in der Marienkirche<\/p>\n","protected":false},"author":1,"featured_media":569,"comment_status":"closed","ping_status":"closed","sticky":false,"template":"","format":"standard","meta":{"footnotes":""},"categories":[20],"tags":[],"_links":{"self":[{"href":"https:\/\/krankenhauspfarramt.de\/index.php\/wp-json\/wp\/v2\/posts\/1030"}],"collection":[{"href":"https:\/\/krankenhauspfarramt.de\/index.php\/wp-json\/wp\/v2\/posts"}],"about":[{"href":"https:\/\/krankenhauspfarramt.de\/index.php\/wp-json\/wp\/v2\/types\/post"}],"author":[{"embeddable":true,"href":"https:\/\/krankenhauspfarramt.de\/index.php\/wp-json\/wp\/v2\/users\/1"}],"replies":[{"embeddable":true,"href":"https:\/\/krankenhauspfarramt.de\/index.php\/wp-json\/wp\/v2\/comments?post=1030"}],"version-history":[{"count":1,"href":"https:\/\/krankenhauspfarramt.de\/index.php\/wp-json\/wp\/v2\/posts\/1030\/revisions"}],"predecessor-version":[{"id":1031,"href":"https:\/\/krankenhauspfarramt.de\/index.php\/wp-json\/wp\/v2\/posts\/1030\/revisions\/1031"}],"wp:featuredmedia":[{"embeddable":true,"href":"https:\/\/krankenhauspfarramt.de\/index.php\/wp-json\/wp\/v2\/media\/569"}],"wp:attachment":[{"href":"https:\/\/krankenhauspfarramt.de\/index.php\/wp-json\/wp\/v2\/media?parent=1030"}],"wp:term":[{"taxonomy":"category","embeddable":true,"href":"https:\/\/krankenhauspfarramt.de\/index.php\/wp-json\/wp\/v2\/categories?post=1030"},{"taxonomy":"post_tag","embeddable":true,"href":"https:\/\/krankenhauspfarramt.de\/index.php\/wp-json\/wp\/v2\/tags?post=1030"}],"curies":[{"name":"wp","href":"https:\/\/api.w.org\/{rel}","templated":true}]}}