{"id":1035,"date":"2020-04-15T19:19:41","date_gmt":"2020-04-15T19:19:41","guid":{"rendered":"https:\/\/krankenhauspfarramt.de\/index.php\/2020\/04\/15\/mehr-als-zehn-millionen-sahen-kirchliche-programme-an-ostern-ekd\/"},"modified":"2020-04-15T19:19:43","modified_gmt":"2020-04-15T19:19:43","slug":"mehr-als-zehn-millionen-sahen-kirchliche-programme-an-ostern-ekd","status":"publish","type":"post","link":"https:\/\/krankenhauspfarramt.de\/index.php\/2020\/04\/15\/mehr-als-zehn-millionen-sahen-kirchliche-programme-an-ostern-ekd\/","title":{"rendered":"Mehr als zehn Millionen sahen kirchliche Programme an Ostern \u2013 EKD"},"content":{"rendered":"<p> <br \/>\n<\/p>\n<div>\n<p>Das aus Anlass der Corona-Krise erste \u00f6kumenische \u201eWort zum Sonntag\u201c mit dem Vorsitzenden der katholischen Deutschen Bischofskonferenz, dem Limburger Bischof Georg B\u00e4tzing, und dem EKD-Ratsvorsitzenden, dem bayerischen Landesbischof Heinrich Bedford-Strohm, habe in der Osternacht allein 2,23 Millionen Zuschauer erreicht und damit gro\u00dfe Zustimmung gefunden, hie\u00df es weiter.<\/p>\n<h3>Noch mehr Fernsehgottesdienste aus Ingelheim<\/h3>\n<p>Insgesamt haben ARD, ZDF und die dritten Programme zum h\u00f6chsten Fest der Christenheit den Angaben zufolge neun katholische und evangelische Gottesdienste ausgestrahlt \u2013 darunter auch ein Gottesdienst am Ostersonntag aus der Saalkirche in Ingelheim, die noch bis Mitte Mai fester Drehort der evangelischen ZDF-Fernsehgottesdienste bleiben wird.<\/p>\n<p>Die beiden Gottesdienste am 3. Mai mit dem EKD-Ratsvorsitzenden Bedford-Strohm und am 17. Mai mit Diakoniepr\u00e4sident Ulrich Lilie sollen von dort \u00fcbertragen werden. Bereits am 26. April kommt der fr\u00fchere EKD-Ratsvorsitzende Wolfgang Huber nach Ingelheim. \u201eIm Moment fahren wir auf Sicht und entscheiden von Fall zu Fall\u201c, sagte der evangelische Senderbeauftragte f\u00fcr ZDF-Gottesdienste, Stephan Fritz, dem Evangelischen Pressedienst (epd).<\/p>\n<h3>Anfahrtswege reduzieren und Aufwand bei Ab- und Aufbau verringern<\/h3>\n<p>Wegen der Corona-Krise haben seit Ende M\u00e4rz alle evangelischen Fernsehgottesdienste vor leeren Besucherb\u00e4nken in der Ingelheimer Saalkirche stattgefunden. Mit dem Verzicht auf wechselnde Orte wollen die Verantwortlichen Anfahrtwege f\u00fcr die Mitarbeiter des Senders reduzieren und den Aufwand f\u00fcr Auf- und Abbauarbeiten verringern. Dank einer Sondererlaubnis des \u00f6rtlichen Gesundheitsamtes k\u00f6nnen neben dem jeweiligen Prediger unter anderem auch noch einige Chors\u00e4nger und Organisten an den Gottesdiensten teilnehmen. Grunds\u00e4tzlich sind in Deutschland seit Mitte M\u00e4rz wegen der Coronavirus-Pandemie alle Gottesdienste verboten.<\/p>\n<p>Auch die katholische Kirche hatte wegen der Corona-Krise beschlossen, alle ihre Fernsehgottesdienste an einem einzigen Ort in der N\u00e4he zum Mainzer ZDF-Sendezentrum zu konzentrieren. Sie w\u00e4hlte dazu die Hospitalkirche St. Joseph im s\u00fcdhessischen Bensheim aus.<\/p>\n<\/p><\/div>\n","protected":false},"excerpt":{"rendered":"<p>Das aus Anlass der Corona-Krise erste \u00f6kumenische \u201eWort zum Sonntag\u201c mit dem Vorsitzenden der katholischen Deutschen Bischofskonferenz, dem Limburger Bischof<\/p>\n","protected":false},"author":1,"featured_media":1036,"comment_status":"closed","ping_status":"closed","sticky":false,"template":"","format":"standard","meta":{"footnotes":""},"categories":[20],"tags":[],"_links":{"self":[{"href":"https:\/\/krankenhauspfarramt.de\/index.php\/wp-json\/wp\/v2\/posts\/1035"}],"collection":[{"href":"https:\/\/krankenhauspfarramt.de\/index.php\/wp-json\/wp\/v2\/posts"}],"about":[{"href":"https:\/\/krankenhauspfarramt.de\/index.php\/wp-json\/wp\/v2\/types\/post"}],"author":[{"embeddable":true,"href":"https:\/\/krankenhauspfarramt.de\/index.php\/wp-json\/wp\/v2\/users\/1"}],"replies":[{"embeddable":true,"href":"https:\/\/krankenhauspfarramt.de\/index.php\/wp-json\/wp\/v2\/comments?post=1035"}],"version-history":[{"count":1,"href":"https:\/\/krankenhauspfarramt.de\/index.php\/wp-json\/wp\/v2\/posts\/1035\/revisions"}],"predecessor-version":[{"id":1037,"href":"https:\/\/krankenhauspfarramt.de\/index.php\/wp-json\/wp\/v2\/posts\/1035\/revisions\/1037"}],"wp:featuredmedia":[{"embeddable":true,"href":"https:\/\/krankenhauspfarramt.de\/index.php\/wp-json\/wp\/v2\/media\/1036"}],"wp:attachment":[{"href":"https:\/\/krankenhauspfarramt.de\/index.php\/wp-json\/wp\/v2\/media?parent=1035"}],"wp:term":[{"taxonomy":"category","embeddable":true,"href":"https:\/\/krankenhauspfarramt.de\/index.php\/wp-json\/wp\/v2\/categories?post=1035"},{"taxonomy":"post_tag","embeddable":true,"href":"https:\/\/krankenhauspfarramt.de\/index.php\/wp-json\/wp\/v2\/tags?post=1035"}],"curies":[{"name":"wp","href":"https:\/\/api.w.org\/{rel}","templated":true}]}}