{"id":1051,"date":"2020-04-17T15:50:30","date_gmt":"2020-04-17T15:50:30","guid":{"rendered":"https:\/\/krankenhauspfarramt.de\/index.php\/2020\/04\/17\/klarer-kurs-in-bewegten-zeiten-ekd\/"},"modified":"2020-04-17T15:50:31","modified_gmt":"2020-04-17T15:50:31","slug":"klarer-kurs-in-bewegten-zeiten-ekd","status":"publish","type":"post","link":"https:\/\/krankenhauspfarramt.de\/index.php\/2020\/04\/17\/klarer-kurs-in-bewegten-zeiten-ekd\/","title":{"rendered":"Klarer Kurs in bewegten Zeiten \u2013 EKD"},"content":{"rendered":"<p> <br \/>\n<\/p>\n<div id=\"\">\n<div class=\"article--meta article--meta__border clearfix\">\n<p>                                    <time datetime=\"17.04.2020 12:00\" class=\"article--time\">17.04.2020<\/time><strong class=\"article--type primus--overline\">Pressemitteilung<\/strong><\/p>\n<p><a href=\"http:\/\/www.velkd.de\/\" class=\"article--source\" target=\"_blank\" rel=\"noopener noreferrer\"><\/p>\n<picture class=\"article--source-image image\"><source srcset=\"\/ekd_de\/ds_img\/assets\/velkd.jpg\"><!--<source srcset=\"\/ekd_de\/ds_img\/assets\/velkd_rdax_141x141.jpg 1x, \/ekd_de\/ds_img\/assets\/velkd_rdax_282x282.jpg 2x, \/ekd_de\/ds_img\/assets\/velkd.jpg 3x\">--><\/source><\/picture><\/a><\/p><\/div>\n<h2 class=\"article--sub-headline primus--sub-headline\">Leitender Bischof der VELKD und Ratsvorsitzender der EKD gratulieren Jochen Bohl zum 70. Geburtstag<\/h2>\n<\/p><\/div>\n<div id=\"\">\n<p style=\"margin-bottom:0.0001pt; margin-left:0cm; margin-right:0cm; margin-top:0cm\">Der Leitende Bischof der Vereinigten Evangelisch-Lutherischen Kirche Deutschlands (VELKD), Landesbischof Ralf Meister (Hannover), gratuliert dem fr\u00fcheren Landesbischof der Evangelisch-Lutherischen Landeskirche Sachsens, Jochen Bohl, zum 70. Geburtstag am kommenden Sonntag, dem 19. April. Im Namen der Bischofskonferenz der VELKD \u00fcbermittelt er Gl\u00fcck- und Segenw\u00fcnsche.<\/p>\n<p style=\"margin-bottom:0.0001pt; margin-left:0cm; margin-right:0cm; margin-top:0cm\">\u00a0<\/p>\n<p style=\"margin-bottom:0.0001pt; margin-left:0cm; margin-right:0cm; margin-top:0cm\">\u201eMit geistlicher Kraft, theologischer Klarheit und einem Blick f\u00fcr die Vielfalt innerhalb der Kirche hast Du Deinen Dienst ausge\u00fcbt und auch in bewegten Zeiten einen klaren Kurs gehalten\u201c, schreibt der Leitende Bischof.<\/p>\n<p style=\"margin-bottom:0.0001pt; margin-left:0cm; margin-right:0cm; margin-top:0cm\">\u00a0<\/p>\n<p style=\"margin-bottom:0.0001pt; margin-left:0cm; margin-right:0cm; margin-top:0cm\">Meister w\u00fcrdigte, dass Landesbischof i. R. Bohl auch die gesamtkirchliche Perspektive nie aus dem Blick verloren habe und dankte ihm f\u00fcr die F\u00fclle der Aufgaben, die er w\u00e4hrend seiner Amtszeit \u00fcbernommen habe. Bohl, der von 2004 bis 2015 s\u00e4chsischer Landesbischof war, war auch Mitglied der Bischofskonferenz der VELKD und des Rates der Evangelischen Kirche in Deutschland (EKD), Stellvertretender Ratsvorsitzender der EKD und Stellvertretender Leitender Bischof der VELKD.<\/p>\n<p style=\"margin-bottom:0.0001pt; margin-left:0cm; margin-right:0cm; margin-top:0cm\">\u00a0<\/p>\n<p style=\"margin-bottom:0.0001pt; margin-left:0cm; margin-right:0cm; margin-top:0cm\">Auch der Ratsvorsitzende der EKD, Landesbischof Prof. Dr. Heinrich Bedford-Strohm (M\u00fcnchen), gratuliert dem fr\u00fcheren Landesbischof: \u201eZu Jochen Bohls 70. Geburtstag denke ich mit gro\u00dfer Dankbarkeit an sein segensreiches Wirken als s\u00e4chsischer Landesbischof und als Mitglied des Rats der EKD und Stellvertretender Ratsvorsitzender. Seine Menschlichkeit, sein trockener Humor und seine geistliche Ausstrahlung haben unserer evangelischen Kirche gutgetan.\u201c<\/p>\n<p style=\"margin-bottom:0.0001pt; margin-left:0cm; margin-right:0cm; margin-top:0cm\">\u00a0<\/p>\n<p style=\"margin-bottom:0.0001pt; margin-left:0cm; margin-right:0cm; margin-top:0cm\">Hannover, 17. April 2020<\/p>\n<p style=\"margin-bottom:0.0001pt; margin-left:0cm; margin-right:0cm; margin-top:0cm\">\u00a0<\/p>\n<p style=\"margin-bottom:0.0001pt; margin-left:0cm; margin-right:0cm; margin-top:0cm\">Pressestelle der VELKD<br \/>Henrike M\u00fcller<\/p>\n<\/div>\n","protected":false},"excerpt":{"rendered":"<p>17.04.2020Pressemitteilung Leitender Bischof der VELKD und Ratsvorsitzender der EKD gratulieren Jochen Bohl zum 70. Geburtstag Der Leitende Bischof der Vereinigten<\/p>\n","protected":false},"author":1,"featured_media":611,"comment_status":"closed","ping_status":"closed","sticky":false,"template":"","format":"standard","meta":{"footnotes":""},"categories":[20],"tags":[],"_links":{"self":[{"href":"https:\/\/krankenhauspfarramt.de\/index.php\/wp-json\/wp\/v2\/posts\/1051"}],"collection":[{"href":"https:\/\/krankenhauspfarramt.de\/index.php\/wp-json\/wp\/v2\/posts"}],"about":[{"href":"https:\/\/krankenhauspfarramt.de\/index.php\/wp-json\/wp\/v2\/types\/post"}],"author":[{"embeddable":true,"href":"https:\/\/krankenhauspfarramt.de\/index.php\/wp-json\/wp\/v2\/users\/1"}],"replies":[{"embeddable":true,"href":"https:\/\/krankenhauspfarramt.de\/index.php\/wp-json\/wp\/v2\/comments?post=1051"}],"version-history":[{"count":1,"href":"https:\/\/krankenhauspfarramt.de\/index.php\/wp-json\/wp\/v2\/posts\/1051\/revisions"}],"predecessor-version":[{"id":1052,"href":"https:\/\/krankenhauspfarramt.de\/index.php\/wp-json\/wp\/v2\/posts\/1051\/revisions\/1052"}],"wp:featuredmedia":[{"embeddable":true,"href":"https:\/\/krankenhauspfarramt.de\/index.php\/wp-json\/wp\/v2\/media\/611"}],"wp:attachment":[{"href":"https:\/\/krankenhauspfarramt.de\/index.php\/wp-json\/wp\/v2\/media?parent=1051"}],"wp:term":[{"taxonomy":"category","embeddable":true,"href":"https:\/\/krankenhauspfarramt.de\/index.php\/wp-json\/wp\/v2\/categories?post=1051"},{"taxonomy":"post_tag","embeddable":true,"href":"https:\/\/krankenhauspfarramt.de\/index.php\/wp-json\/wp\/v2\/tags?post=1051"}],"curies":[{"name":"wp","href":"https:\/\/api.w.org\/{rel}","templated":true}]}}