{"id":1141,"date":"2020-04-24T11:55:24","date_gmt":"2020-04-24T11:55:24","guid":{"rendered":"https:\/\/krankenhauspfarramt.de\/index.php\/2020\/04\/24\/aus-seinem-leben-ist-viel-segen-erwachsen-ekd\/"},"modified":"2020-04-24T11:55:25","modified_gmt":"2020-04-24T11:55:25","slug":"aus-seinem-leben-ist-viel-segen-erwachsen-ekd","status":"publish","type":"post","link":"https:\/\/krankenhauspfarramt.de\/index.php\/2020\/04\/24\/aus-seinem-leben-ist-viel-segen-erwachsen-ekd\/","title":{"rendered":"Aus seinem Leben ist viel Segen erwachsen \u2013 EKD"},"content":{"rendered":"<p> <br \/>\n<\/p>\n<div id=\"\">\n<div class=\"article--meta article--meta__border clearfix\">\n<p>                                    <time datetime=\"24.04.2020 13:00\" class=\"article--time\">24.04.2020<\/time><strong class=\"article--type primus--overline\">Pressemitteilung<\/strong><\/p>\n<p><a href=\"https:\/\/www.ekd.de\/index.htm\" class=\"article--source\" target=\"_blank\" rel=\"noopener noreferrer\"><\/p>\n<picture class=\"article--source-image image\"><source srcset=\"\/ekd_de\/ds_img\/assets\/20170622_ekd-Quellenlogo_141.png\"><!--<source srcset=\"\/ekd_de\/ds_img\/assets\/20170622_ekd-Quellenlogo_141_rdax_141x59.png 1x, \/ekd_de\/ds_img\/assets\/20170622_ekd-Quellenlogo_141_rdax_282x118.png 2x, \/ekd_de\/ds_img\/assets\/20170622_ekd-Quellenlogo_141.png 3x\">--><\/source><\/picture><\/a><\/p><\/div>\n<h2 class=\"article--sub-headline primus--sub-headline\">Bedford-Strohm w\u00fcrdigt verstorbenen Bischof i. R. Johannes Hempel<\/h2>\n<\/p><\/div>\n<div id=\"\">\n<p style=\"margin-bottom:0.0001pt; margin-left:0cm; margin-right:0cm; margin-top:0cm\">Zum Tod von Landesbischof i. R. Johannes Hempel, der von 1972 bis 1994 Landesbischof der Evangelisch-Lutherischen Landeskirche Sachsens und von 1991 bis 1997 stellvertretender Vorsitzender des ersten Rates der wiedervereinigten EKD war, hat der Ratsvorsitzende der Evangelischen Kirche in Deutschland (EKD), Landesbischof Heinrich Bedford-Strohm, seine Trauer ausgedr\u00fcckt und die vielf\u00e4ltige Arbeit Hempels gew\u00fcrdigt:<\/p>\n<p style=\"margin-bottom:0.0001pt; margin-left:0cm; margin-right:0cm; margin-top:0cm\">\u00a0<\/p>\n<p style=\"margin-bottom:0.0001pt; margin-left:0cm; margin-right:0cm; margin-top:0cm\">\u201eDie Nachricht vom Tode Johannes Hempels hat bei mir Trauer ausgel\u00f6st \u00fcber den Verlust eines gerade in seiner Bescheidenheit gro\u00dfen Menschen. Ich empfinde aber auch viel Dankbarkeit f\u00fcr den Segen, der auf seinem langen Leben gelegen hat und der aus diesem Leben f\u00fcr so viele Menschen und unsere ganze Kirche erwachsen ist. In einer f\u00fcr das Zusammenwachsen der Kirche im Osten und Westen Deutschlands besonders wichtigen Phase wurde er als erster ostdeutscher Landesbischof 1991 stellvertretender Vorsitzender des ersten Rates der wiedervereinigten EKD. Ihm ging es immer um eine authentische Kirche, die ausstrahlt, wovon sie spricht. Dazu geh\u00f6rte auch sein besonderes Engagement im \u00d6kumenischen Rat der Kirchen (\u00d6RK) und das darin zum Ausdruck kommende Bem\u00fchen, sichtbar zu machen, dass wir jenseits der Konfessionen und nationalen oder kulturellen Hintergr\u00fcnde die eine Kirche Jesu Christi sind. Ich danke Gott, dass er uns diesen Menschen Johannes Hempel geschenkt hat. Er ist jetzt in guter Hand.\u201c<\/p>\n<p style=\"margin-bottom:0.0001pt; margin-left:0cm; margin-right:0cm; margin-top:0cm\">\u00a0<\/p>\n<p style=\"margin-bottom:0.0001pt; margin-left:0cm; margin-right:0cm; margin-top:0cm\">Johannes Hempel war von 1972 bis 1994 Landesbischof der Evangelisch-Lutherischen Landeskirche Sachsens. Als \u00d6kumeniker war ihm die Zusammenarbeit mit christlichen Kirchen anderer Konfessionen ein wichtiges Anliegen. Seit 1975 arbeitete er in leitenden Gremien des \u00d6RK in Genf und war ab 1983 einer der sieben Pr\u00e4sidenten des \u00d6RK. Er war leitender Bischof der Vereinigten Evangelisch-Lutherischen Kirche in der DDR und Vorsitzender der Konferenz der ostdeutschen Kirchenleitungen. 1991 wurde Hempel stellvertretender Vorsitzender des ersten Rates der wiedervereinigten EKD und blieb dies auch im Ruhestand bis 1997. 2003 wurde Hempel mit dem Bundesverdienstkreuz ausgezeichnet. Er verstarb am 23. April 2020 im Alter von 91 Jahren.<\/p>\n<p style=\"margin-bottom:0.0001pt; margin-left:0cm; margin-right:0cm; margin-top:0cm\">\u00a0<\/p>\n<p style=\"margin-bottom:0.0001pt; margin-left:0cm; margin-right:0cm; margin-top:0cm\">Hannover, 24. April 2020<\/p>\n<p style=\"margin-bottom:0.0001pt; margin-left:0cm; margin-right:0cm; margin-top:0cm\">\u00a0<\/p>\n<p style=\"margin-bottom:0.0001pt; margin-left:0cm; margin-right:0cm; margin-top:0cm\">Pressestelle der EKD<\/p>\n<p style=\"margin-bottom:0.0001pt; margin-left:0cm; margin-right:0cm; margin-top:0cm\">Annika Lukas<\/p>\n<\/div>\n","protected":false},"excerpt":{"rendered":"<p>24.04.2020Pressemitteilung Bedford-Strohm w\u00fcrdigt verstorbenen Bischof i. R. Johannes Hempel Zum Tod von Landesbischof i. R. Johannes Hempel, der von 1972<\/p>\n","protected":false},"author":1,"featured_media":569,"comment_status":"closed","ping_status":"closed","sticky":false,"template":"","format":"standard","meta":{"footnotes":""},"categories":[20],"tags":[],"_links":{"self":[{"href":"https:\/\/krankenhauspfarramt.de\/index.php\/wp-json\/wp\/v2\/posts\/1141"}],"collection":[{"href":"https:\/\/krankenhauspfarramt.de\/index.php\/wp-json\/wp\/v2\/posts"}],"about":[{"href":"https:\/\/krankenhauspfarramt.de\/index.php\/wp-json\/wp\/v2\/types\/post"}],"author":[{"embeddable":true,"href":"https:\/\/krankenhauspfarramt.de\/index.php\/wp-json\/wp\/v2\/users\/1"}],"replies":[{"embeddable":true,"href":"https:\/\/krankenhauspfarramt.de\/index.php\/wp-json\/wp\/v2\/comments?post=1141"}],"version-history":[{"count":1,"href":"https:\/\/krankenhauspfarramt.de\/index.php\/wp-json\/wp\/v2\/posts\/1141\/revisions"}],"predecessor-version":[{"id":1142,"href":"https:\/\/krankenhauspfarramt.de\/index.php\/wp-json\/wp\/v2\/posts\/1141\/revisions\/1142"}],"wp:featuredmedia":[{"embeddable":true,"href":"https:\/\/krankenhauspfarramt.de\/index.php\/wp-json\/wp\/v2\/media\/569"}],"wp:attachment":[{"href":"https:\/\/krankenhauspfarramt.de\/index.php\/wp-json\/wp\/v2\/media?parent=1141"}],"wp:term":[{"taxonomy":"category","embeddable":true,"href":"https:\/\/krankenhauspfarramt.de\/index.php\/wp-json\/wp\/v2\/categories?post=1141"},{"taxonomy":"post_tag","embeddable":true,"href":"https:\/\/krankenhauspfarramt.de\/index.php\/wp-json\/wp\/v2\/tags?post=1141"}],"curies":[{"name":"wp","href":"https:\/\/api.w.org\/{rel}","templated":true}]}}