{"id":1149,"date":"2020-04-24T16:10:04","date_gmt":"2020-04-24T16:10:04","guid":{"rendered":"https:\/\/krankenhauspfarramt.de\/index.php\/2020\/04\/24\/zum-tod-von-johannes-hempel-ekd\/"},"modified":"2020-04-24T16:10:05","modified_gmt":"2020-04-24T16:10:05","slug":"zum-tod-von-johannes-hempel-ekd","status":"publish","type":"post","link":"https:\/\/krankenhauspfarramt.de\/index.php\/2020\/04\/24\/zum-tod-von-johannes-hempel-ekd\/","title":{"rendered":"Zum Tod von Johannes Hempel \u2013 EKD"},"content":{"rendered":"<p> <br \/>\n<\/p>\n<div id=\"\">\n<div class=\"article--meta article--meta__border clearfix\">\n<p>                                    <time datetime=\"24.04.2020 12:00\" class=\"article--time\">24.04.2020<\/time><strong class=\"article--type primus--overline\">Pressemitteilung<\/strong><\/p>\n<p><a href=\"http:\/\/www.velkd.de\/\" class=\"article--source\" target=\"_blank\" rel=\"noopener noreferrer\"><\/p>\n<picture class=\"article--source-image image\"><source srcset=\"\/ekd_de\/ds_img\/assets\/velkd.jpg\"><!--<source srcset=\"\/ekd_de\/ds_img\/assets\/velkd_rdax_141x141.jpg 1x, \/ekd_de\/ds_img\/assets\/velkd_rdax_282x282.jpg 2x, \/ekd_de\/ds_img\/assets\/velkd.jpg 3x\">--><\/source><\/picture><\/a><\/p><\/div>\n<h2 class=\"article--sub-headline primus--sub-headline\">Leitender Bischof der VELKD w\u00fcrdigt den fr\u00fcheren s\u00e4chsischen Landesbischof <\/h2>\n<\/p><\/div>\n<div id=\"\">\n<p style=\"margin-bottom:0.0001pt; margin-left:0cm; margin-right:0cm; margin-top:0cm\">Zum Tod von Landesbischof i. R. Dr. Johannes Hempel, der von 1972 bis 1994 Landesbischof der Evangelisch-Lutherischen Landeskirche Sachsens war, spricht der Leitende Bischof der Vereinigten Evangelisch-Lutherischen Kirche Deutschlands (VELKD), Landesbischof Ralf Meister (Hannover), den Angeh\u00f6rigen seine Anteilnahme aus und w\u00fcrdigt die zahlreichen Funktionen und vielf\u00e4ltigen Verdienste des Verstorbenen.<\/p>\n<p style=\"margin-bottom:0.0001pt; margin-left:0cm; margin-right:0cm; margin-top:0cm\">\u00a0<\/p>\n<p style=\"margin-bottom:0.0001pt; margin-left:0cm; margin-right:0cm; margin-top:0cm\">\u201eLandesbischof i. R. Johannes Hempel hat mit viel Engagement und Leidenschaft, mit Gottvertrauen und geistlicher Wirkkraft seinen Dienst ausge\u00fcbt. Er war ein Experte f\u00fcr \u00d6kumene und hat unter gro\u00dfen Herausforderungen in unterschiedlichen politischen Systemen Kirchengeschichte gestaltet und gepr\u00e4gt. Die Verk\u00fcndigung des Evangeliums in klaren Worten sowie sein Engagement f\u00fcr Demokratie und Frieden waren ihm ein gro\u00dfes Anliegen. Wir gedenken seiner mit Achtung und gro\u00dfem Dank. Als Landesbischof der hannoverschen Landeskirche spreche ich auch den Geschwistern in unserer s\u00e4chsischen Partnerkirche unsere Anteilnahme aus.\u201c<\/p>\n<p style=\"margin-bottom:0.0001pt; margin-left:0cm; margin-right:0cm; margin-top:0cm\">\u00a0<\/p>\n<p style=\"margin-bottom:0.0001pt; margin-left:0cm; margin-right:0cm; margin-top:0cm\">Dr. Johannes Hempel war unter anderem Leitender Bischof der VELKD \u2013 Bereich Ost (VELK DDR), stellvertretender Ratsvorsitzender der Evangelischen Kirche in Deutschland und einer der sieben internationalen Pr\u00e4sidenten des \u00d6kumenischen Rates der Kirchen. Er verstarb am 23. April 2020 im Alter von 91\u00a0Jahren in Dresden.<\/p>\n<p style=\"margin-bottom:0.0001pt; margin-left:0cm; margin-right:0cm; margin-top:0cm\">\u00a0<\/p>\n<p style=\"margin-bottom:0.0001pt; margin-left:0cm; margin-right:0cm; margin-top:0cm\">Hannover, 24. April 2020<\/p>\n<p>Pressestelle der VELKD<br \/>Henrike M\u00fcller<\/p>\n<\/div>\n","protected":false},"excerpt":{"rendered":"<p>24.04.2020Pressemitteilung Leitender Bischof der VELKD w\u00fcrdigt den fr\u00fcheren s\u00e4chsischen Landesbischof Zum Tod von Landesbischof i. R. Dr. Johannes Hempel, der<\/p>\n","protected":false},"author":1,"featured_media":611,"comment_status":"closed","ping_status":"closed","sticky":false,"template":"","format":"standard","meta":{"footnotes":""},"categories":[20],"tags":[],"_links":{"self":[{"href":"https:\/\/krankenhauspfarramt.de\/index.php\/wp-json\/wp\/v2\/posts\/1149"}],"collection":[{"href":"https:\/\/krankenhauspfarramt.de\/index.php\/wp-json\/wp\/v2\/posts"}],"about":[{"href":"https:\/\/krankenhauspfarramt.de\/index.php\/wp-json\/wp\/v2\/types\/post"}],"author":[{"embeddable":true,"href":"https:\/\/krankenhauspfarramt.de\/index.php\/wp-json\/wp\/v2\/users\/1"}],"replies":[{"embeddable":true,"href":"https:\/\/krankenhauspfarramt.de\/index.php\/wp-json\/wp\/v2\/comments?post=1149"}],"version-history":[{"count":1,"href":"https:\/\/krankenhauspfarramt.de\/index.php\/wp-json\/wp\/v2\/posts\/1149\/revisions"}],"predecessor-version":[{"id":1150,"href":"https:\/\/krankenhauspfarramt.de\/index.php\/wp-json\/wp\/v2\/posts\/1149\/revisions\/1150"}],"wp:featuredmedia":[{"embeddable":true,"href":"https:\/\/krankenhauspfarramt.de\/index.php\/wp-json\/wp\/v2\/media\/611"}],"wp:attachment":[{"href":"https:\/\/krankenhauspfarramt.de\/index.php\/wp-json\/wp\/v2\/media?parent=1149"}],"wp:term":[{"taxonomy":"category","embeddable":true,"href":"https:\/\/krankenhauspfarramt.de\/index.php\/wp-json\/wp\/v2\/categories?post=1149"},{"taxonomy":"post_tag","embeddable":true,"href":"https:\/\/krankenhauspfarramt.de\/index.php\/wp-json\/wp\/v2\/tags?post=1149"}],"curies":[{"name":"wp","href":"https:\/\/api.w.org\/{rel}","templated":true}]}}