{"id":1156,"date":"2020-04-27T11:33:30","date_gmt":"2020-04-27T11:33:30","guid":{"rendered":"https:\/\/krankenhauspfarramt.de\/index.php\/2020\/04\/27\/feierliche-amtseinfuehrung-des-saechsischen-landesbischofs-tobias-bilz-ekd\/"},"modified":"2020-04-27T11:33:34","modified_gmt":"2020-04-27T11:33:34","slug":"feierliche-amtseinfuehrung-des-saechsischen-landesbischofs-tobias-bilz-ekd","status":"publish","type":"post","link":"https:\/\/krankenhauspfarramt.de\/index.php\/2020\/04\/27\/feierliche-amtseinfuehrung-des-saechsischen-landesbischofs-tobias-bilz-ekd\/","title":{"rendered":"Feierliche Amtseinf\u00fchrung des s\u00e4chsischen Landesbischofs Tobias Bilz \u2013 EKD"},"content":{"rendered":"<p> <br \/>\n<\/p>\n<div>\n<h3>\u201eVielf\u00e4ltige Str\u00f6mungen in der s\u00e4chsischen Landeskirche als Chance nutzen<span style=\"line-height:115%\">\u201c<\/span><\/h3>\n<p>Meister ermunterte den neuen Bischof, angesichts der vielf\u00e4ltigen Str\u00f6mungen in der s\u00e4chsischen Landeskirche diese als Chance zu nutzen. Als geistlicher Anreger k\u00f6nne Bilz Glaubensvielfalt garantieren, sagte Meister, der Bischof der Evangelisch-lutherischen Landeskirche Hannovers ist. Es sei nicht Aufgabe eines Bischofs die gro\u00dfe Vielfalt in den Landeskirchen zu b\u00e4ndigen. \u201eDiejenigen, die aus ihrem Glauben ein Gesetz machen und es <span style=\"line-height:115%\">\u2013<\/span> manchmal ohne R\u00fccksicht auf die Schwachen <span style=\"line-height:115%\">\u2013<\/span> anwenden, verwirken diesen Freiheitsgedanken\u201c, f\u00fcgte Meister mit Blick auf ein zum Teil verbreitetes Lagerdenken konservativer und liberaler Christen hinzu.<\/p>\n<p>An dem vom MDR-Fernsehen \u00fcbertragenen Gottesdienst im Mei\u00dfner Dom nahmen wegen der Corona-Pandemie <span style=\"line-height:115%\">\u2013<\/span> anders als sonst bei Bischofseinf\u00fchrungen \u2013 nur wenige Personen teil, darunter Sachsens Ministerpr\u00e4sident Michael Kretschmer und Landtagspr\u00e4sident Matthias R\u00f6\u00dfler (beide CDU) sowie der katholische Dresdner Bischof Heinrich Timmerevers. Bilz ist Nachfolger von Carsten Rentzing, der \u00fcberraschend aus dem Amt ausgeschieden war, nachdem von ihm verfasste antidemokratische Texte aus seiner Studentenzeit bekannt geworden waren.<\/p>\n<p>\u201eSie beginnen ihren Dienst in bedr\u00fcckenden und ungewissen Zeiten\u201c, sagte Meister. Die Bischofseinf\u00fchrung f\u00fcge sich in die aktuelle Lage der Welt ein und sei von dieser gepr\u00e4gt. Dennoch appellierte er, \u201e angstfrei auf die Sorgen zu schauen\u201c.<\/p>\n<h3>Bilz: \u201eBeschwingt glauben und leben\u201c<\/h3>\n<p>In seiner Predigt rief Bilz dazu auf, die Balance neu zu finden zwischen Aktionen der Christen und ihrem Glauben \u2013 \u201evielleicht ersch\u00fcttert durch die aktuelle Krise\u201c. Es gelte nicht nur, eine Haltung zu bewahren, sondern \u201ebeschwingt im wahrsten Sinne des Wortes zu glauben und zu leben\u201c. Er w\u00fcnsche sich eine experimentierfreudige Kirche.<\/p>\n<p>Bilz ging in seiner Ansprache auch auf die Pandemie und ihre Folgen ein. \u201eIch vermisse schmerzlich die gro\u00dfe Gemeinde\u201c, sagte er, \u201edie G\u00e4ste aus nah und fern\u201c. Mitten in der Corona-Krise frage er sich wie viele andere: \u201eWie lange soll das noch so gehen?\u201c Zugleich seien \u201eandere Sorgen nicht aus der Welt\u201c, sagte Bilz, der Klimawandel etwa oder die anhaltende Trockenheit f\u00fcr die Landwirte.<\/p>\n<h3>Verbundenheit des Bischofs mit der Jugend<\/h3>\n<p>Meister verwies in seiner Rede auch auf die langj\u00e4hrige T\u00e4tigkeit von Bilz als s\u00e4chsischer Landesjugendpfarrer. \u201eWer die Wege junger, glaubender Menschen in einer weitgehend s\u00e4kularen Gesellschaft \u00fcber Jahre kennengelernt hat, der wei\u00df viel dar\u00fcber, wie wenig manche kirchlichen Altherrengewohnheiten heute noch \u00fcberzeugen\u201c, sagte er. Auch neue Formen des Glaubens, ungew\u00f6hnliche und \u201evielleicht sogar anst\u00f6\u00dfige\u201c seien m\u00f6glich.<\/p>\n<p>Dass Bilz der Jugend verbunden ist, unterstrich auch die musikalische Gestaltung des Gottesdienstes. Diese \u00fcbernahm unter anderem der junge S\u00e4nger und \u201eVoice of Germany\u201c-Gewinner Samuel R\u00f6sch.<\/p>\n<p>Seit Montag k\u00f6nnen sich in Sachsen Religionsgemeinschaften wieder \u00f6ffentlich versammeln, allerdings nur unter Auflagen und nur bis zu 15 Teilnehmenden. Die Bischofseinf\u00fchrung war zun\u00e4chst in der Dresdner Kreuzkirche mit mehr als 3.000 Pl\u00e4tzen geplant, damit m\u00f6glichst viele Menschen dabei sein k\u00f6nnen. Der Dom in Mei\u00dfen ist die Predigtkirche f\u00fcr den s\u00e4chsischen evangelischen Bischof. Zur Evangelisch-Lutherischen Landeskirche Sachsens geh\u00f6ren aktuell rund 677.000 Christen.<\/p>\n<p style=\"text-align:right\">Katharina R\u00f6gner (epd)<\/p>\n<\/p><\/div>\n","protected":false},"excerpt":{"rendered":"<p>\u201eVielf\u00e4ltige Str\u00f6mungen in der s\u00e4chsischen Landeskirche als Chance nutzen\u201c Meister ermunterte den neuen Bischof, angesichts der vielf\u00e4ltigen Str\u00f6mungen in der<\/p>\n","protected":false},"author":1,"featured_media":1157,"comment_status":"closed","ping_status":"closed","sticky":false,"template":"","format":"standard","meta":{"footnotes":""},"categories":[20],"tags":[],"_links":{"self":[{"href":"https:\/\/krankenhauspfarramt.de\/index.php\/wp-json\/wp\/v2\/posts\/1156"}],"collection":[{"href":"https:\/\/krankenhauspfarramt.de\/index.php\/wp-json\/wp\/v2\/posts"}],"about":[{"href":"https:\/\/krankenhauspfarramt.de\/index.php\/wp-json\/wp\/v2\/types\/post"}],"author":[{"embeddable":true,"href":"https:\/\/krankenhauspfarramt.de\/index.php\/wp-json\/wp\/v2\/users\/1"}],"replies":[{"embeddable":true,"href":"https:\/\/krankenhauspfarramt.de\/index.php\/wp-json\/wp\/v2\/comments?post=1156"}],"version-history":[{"count":1,"href":"https:\/\/krankenhauspfarramt.de\/index.php\/wp-json\/wp\/v2\/posts\/1156\/revisions"}],"predecessor-version":[{"id":1158,"href":"https:\/\/krankenhauspfarramt.de\/index.php\/wp-json\/wp\/v2\/posts\/1156\/revisions\/1158"}],"wp:featuredmedia":[{"embeddable":true,"href":"https:\/\/krankenhauspfarramt.de\/index.php\/wp-json\/wp\/v2\/media\/1157"}],"wp:attachment":[{"href":"https:\/\/krankenhauspfarramt.de\/index.php\/wp-json\/wp\/v2\/media?parent=1156"}],"wp:term":[{"taxonomy":"category","embeddable":true,"href":"https:\/\/krankenhauspfarramt.de\/index.php\/wp-json\/wp\/v2\/categories?post=1156"},{"taxonomy":"post_tag","embeddable":true,"href":"https:\/\/krankenhauspfarramt.de\/index.php\/wp-json\/wp\/v2\/tags?post=1156"}],"curies":[{"name":"wp","href":"https:\/\/api.w.org\/{rel}","templated":true}]}}