{"id":1159,"date":"2020-04-27T16:16:00","date_gmt":"2020-04-27T16:16:00","guid":{"rendered":"https:\/\/krankenhauspfarramt.de\/index.php\/2020\/04\/27\/seelsorger-in-pflegeheime-lassen-ekd\/"},"modified":"2020-04-27T16:16:04","modified_gmt":"2020-04-27T16:16:04","slug":"seelsorger-in-pflegeheime-lassen-ekd","status":"publish","type":"post","link":"https:\/\/krankenhauspfarramt.de\/index.php\/2020\/04\/27\/seelsorger-in-pflegeheime-lassen-ekd\/","title":{"rendered":"Seelsorger in Pflegeheime lassen \u2013 EKD"},"content":{"rendered":"<p> <br \/>\n<\/p>\n<div>\n<h3>Auch f\u00fcr Seelsorger m\u00fcsse ausreichend Schutzkleidung bereitgestellt werden<\/h3>\n<p>Lilie sagte dem Evangelischen Pressedienst (epd) in Berlin, damit k\u00f6nne nicht bis zum 30. April oder gar 6. Mai gewartet werden, wenn die Bundesregierung und die Ministerpr\u00e4sidenten erneut \u00fcber den weiteren Umgang mit den Corona-Einschr\u00e4nkungen beraten wollen. Bund und L\u00e4nder m\u00fcssten schnell Regelungen f\u00fcr ein m\u00f6glichst einheitliches Vorgehen treffen, \u00e4hnlich wie dies bei der Wiederzulassung von Gottesdiensten mit den Kirchen und Religionsgemeinschafen angestrebt werde, forderte der Diakonie-Chef.<\/p>\n<p>Entscheidend sei, dass endlich auch f\u00fcr Seelsorgerinnen und Seelsorger ausreichend Schutzkleidung bereitgestellt werde, damit die unverzichtbaren Schutz- und Hygienestandards eingehalten werden k\u00f6nnten. \u201eF\u00fcr die isolierten Bewohnerinnen und Bewohner unserer Pflegeeinrichtungen und die unter der Isolation leidenden alten Menschen in ihren Wohnungen ist pers\u00f6nliche Ansprache von entscheidender Bedeutung\u201c, sagte Lilie.<\/p>\n<p>Die Pr\u00e4sidentin des Sozialverbandes VdK, Verena Bentele, regte an, das strikte Kontakt- und Besuchsverbot in den Heimen \u201elangsam aufzul\u00f6sen\u201c. Die Schw\u00e4chsten der Gesellschaft d\u00fcrften nicht sozial isoliert werden. \u201eDa werden langsam auch Grundrechte verletzt, zum Beispiel das Recht auf Ehe und Familie, wenn Ehepartner sich nicht mehr besuchen d\u00fcrfen\u201c, sagte sie der \u201eWelt\u201c.<\/p>\n<h3>Pauschale Besuchsverbote k\u00f6nnen keine Dauerl\u00f6sung sein<\/h3>\n<p>Auch der Pflegebevollm\u00e4chtigte der Bundesregierung, Andreas Westerfellhaus, forderte eine Lockerung der Kontaktbeschr\u00e4nkungen in den Einrichtungen. \u201eWir wissen, dass wir uns darauf einstellen m\u00fcssen, \u00fcber einen l\u00e4ngeren Zeitraum mit dem Coronavirus umgehen zu m\u00fcssen\u201c, sagte er der \u201eWelt\u201c. \u201eDarauf m\u00fcssen wir auch die Situation in den Pflegeeinrichtungen anpassen: pauschale, restriktive Besuchsverbote k\u00f6nnen dabei keine L\u00f6sung sein.\u201c Bewohner von Pflegeeinrichtungen ben\u00f6tigten besonderen Schutz, aber sie d\u00fcrften nicht v\u00f6llig isoliert werden.<\/p>\n<\/p><\/div>\n","protected":false},"excerpt":{"rendered":"<p>Auch f\u00fcr Seelsorger m\u00fcsse ausreichend Schutzkleidung bereitgestellt werden Lilie sagte dem Evangelischen Pressedienst (epd) in Berlin, damit k\u00f6nne nicht bis<\/p>\n","protected":false},"author":1,"featured_media":1160,"comment_status":"closed","ping_status":"closed","sticky":false,"template":"","format":"standard","meta":{"footnotes":""},"categories":[20],"tags":[],"_links":{"self":[{"href":"https:\/\/krankenhauspfarramt.de\/index.php\/wp-json\/wp\/v2\/posts\/1159"}],"collection":[{"href":"https:\/\/krankenhauspfarramt.de\/index.php\/wp-json\/wp\/v2\/posts"}],"about":[{"href":"https:\/\/krankenhauspfarramt.de\/index.php\/wp-json\/wp\/v2\/types\/post"}],"author":[{"embeddable":true,"href":"https:\/\/krankenhauspfarramt.de\/index.php\/wp-json\/wp\/v2\/users\/1"}],"replies":[{"embeddable":true,"href":"https:\/\/krankenhauspfarramt.de\/index.php\/wp-json\/wp\/v2\/comments?post=1159"}],"version-history":[{"count":1,"href":"https:\/\/krankenhauspfarramt.de\/index.php\/wp-json\/wp\/v2\/posts\/1159\/revisions"}],"predecessor-version":[{"id":1161,"href":"https:\/\/krankenhauspfarramt.de\/index.php\/wp-json\/wp\/v2\/posts\/1159\/revisions\/1161"}],"wp:featuredmedia":[{"embeddable":true,"href":"https:\/\/krankenhauspfarramt.de\/index.php\/wp-json\/wp\/v2\/media\/1160"}],"wp:attachment":[{"href":"https:\/\/krankenhauspfarramt.de\/index.php\/wp-json\/wp\/v2\/media?parent=1159"}],"wp:term":[{"taxonomy":"category","embeddable":true,"href":"https:\/\/krankenhauspfarramt.de\/index.php\/wp-json\/wp\/v2\/categories?post=1159"},{"taxonomy":"post_tag","embeddable":true,"href":"https:\/\/krankenhauspfarramt.de\/index.php\/wp-json\/wp\/v2\/tags?post=1159"}],"curies":[{"name":"wp","href":"https:\/\/api.w.org\/{rel}","templated":true}]}}