{"id":1266,"date":"2020-05-12T15:04:17","date_gmt":"2020-05-12T15:04:17","guid":{"rendered":"https:\/\/krankenhauspfarramt.de\/index.php\/2020\/05\/12\/bedford-strohm-kritisiert-regelverstoesse-bei-corona-demonstrationen-ekd\/"},"modified":"2020-05-12T15:04:19","modified_gmt":"2020-05-12T15:04:19","slug":"bedford-strohm-kritisiert-regelverstoesse-bei-corona-demonstrationen-ekd","status":"publish","type":"post","link":"https:\/\/krankenhauspfarramt.de\/index.php\/2020\/05\/12\/bedford-strohm-kritisiert-regelverstoesse-bei-corona-demonstrationen-ekd\/","title":{"rendered":"Bedford-Strohm kritisiert Regelverst\u00f6\u00dfe bei Corona-Demonstrationen \u2013 EKD"},"content":{"rendered":"<p> <br \/>\n<\/p>\n<div id=\"\">\n<p>M\u00fcnchen (epd). Der Ratsvorsitzende der Evangelischen Kirche in Deutschland (EKD), Heinrich Bedford-Strohm, hat sich emp\u00f6rt \u00fcber Proteste gegen Corona-Ma\u00dfnahmen ge\u00e4u\u00dfert, bei denen Abstandsregeln nicht eingehalten wurden. \u201eIch bin entsetzt \u00fcber die Bilder von den gestrigen Corona-Demonstrationen und die R\u00fccksichtslosigkeit, die darauf sichtbar wird\u201c, schrieb Bedford-Strohm am 11. Mai auf Facebook.<\/p>\n<h3>Disziplin hat bisher viele Todesf\u00e4lle verhindert<\/h3>\n<p>Ein ganzes Land habe \u00fcber viele Wochen mit gro\u00dfer, aus Einsicht kommender Disziplin die Kontaktbeschr\u00e4nkungen mitgetragen, erkl\u00e4rte der Ratsvorsitzende. Dadurch seien Bilder von \u00fcberf\u00fcllten Krankenstationen und vielen Toten wie in Bergamo oder New York in Deutschland verhindert worden. \u201eUnd nun ignorieren viele der Demonstranten alle diese Regeln und gef\u00e4hrden damit nicht nur sich, sondern vor allem viele andere.\u201c<\/p>\n<p>\u201eMan kann \u00fcber alle Ma\u00dfnahmen kontrovers diskutieren\u201c, f\u00fcgte der bayerische Landebischof hinzu. Aber sich unter Gef\u00e4hrdung anderer Menschen einfach \u00fcber die Regeln, die gew\u00e4hlte Regierungen nach gr\u00fcndlicher Abw\u00e4gung beschlossen haben, bewusst hinwegzusetzen, sei nicht in Ordnung. \u201eUnd dass Rechtsextreme und alle m\u00f6glichen Verschw\u00f6rungstheoretiker das jetzt f\u00fcr ihre Zwecke nutzen, ist umso schlimmer.\u201c<\/p>\n<p>Am Wochenende hatten in mehreren deutschen St\u00e4dten Tausende gegen die Einschr\u00e4nkungen wegen der Corona-Pandemie demonstriert. Manche Teilnehmer vertraten dabei Theorien, die die Gesundheitsgefahr durch das neuartige Virus infrage stellen und unterstellen, dass das Virus f\u00fcr Einschr\u00e4nkungen gegen die Interessen der B\u00fcrger missbraucht werde.<\/p>\n<\/div>\n","protected":false},"excerpt":{"rendered":"<p>M\u00fcnchen (epd). Der Ratsvorsitzende der Evangelischen Kirche in Deutschland (EKD), Heinrich Bedford-Strohm, hat sich emp\u00f6rt \u00fcber Proteste gegen Corona-Ma\u00dfnahmen ge\u00e4u\u00dfert,<\/p>\n","protected":false},"author":1,"featured_media":1267,"comment_status":"closed","ping_status":"closed","sticky":false,"template":"","format":"standard","meta":{"footnotes":""},"categories":[20],"tags":[],"_links":{"self":[{"href":"https:\/\/krankenhauspfarramt.de\/index.php\/wp-json\/wp\/v2\/posts\/1266"}],"collection":[{"href":"https:\/\/krankenhauspfarramt.de\/index.php\/wp-json\/wp\/v2\/posts"}],"about":[{"href":"https:\/\/krankenhauspfarramt.de\/index.php\/wp-json\/wp\/v2\/types\/post"}],"author":[{"embeddable":true,"href":"https:\/\/krankenhauspfarramt.de\/index.php\/wp-json\/wp\/v2\/users\/1"}],"replies":[{"embeddable":true,"href":"https:\/\/krankenhauspfarramt.de\/index.php\/wp-json\/wp\/v2\/comments?post=1266"}],"version-history":[{"count":1,"href":"https:\/\/krankenhauspfarramt.de\/index.php\/wp-json\/wp\/v2\/posts\/1266\/revisions"}],"predecessor-version":[{"id":1268,"href":"https:\/\/krankenhauspfarramt.de\/index.php\/wp-json\/wp\/v2\/posts\/1266\/revisions\/1268"}],"wp:featuredmedia":[{"embeddable":true,"href":"https:\/\/krankenhauspfarramt.de\/index.php\/wp-json\/wp\/v2\/media\/1267"}],"wp:attachment":[{"href":"https:\/\/krankenhauspfarramt.de\/index.php\/wp-json\/wp\/v2\/media?parent=1266"}],"wp:term":[{"taxonomy":"category","embeddable":true,"href":"https:\/\/krankenhauspfarramt.de\/index.php\/wp-json\/wp\/v2\/categories?post=1266"},{"taxonomy":"post_tag","embeddable":true,"href":"https:\/\/krankenhauspfarramt.de\/index.php\/wp-json\/wp\/v2\/tags?post=1266"}],"curies":[{"name":"wp","href":"https:\/\/api.w.org\/{rel}","templated":true}]}}