{"id":1278,"date":"2020-05-13T15:26:21","date_gmt":"2020-05-13T15:26:21","guid":{"rendered":"https:\/\/krankenhauspfarramt.de\/index.php\/2020\/05\/13\/noch-weit-von-normalitaet-entfernt-ekd\/"},"modified":"2020-05-13T15:26:23","modified_gmt":"2020-05-13T15:26:23","slug":"noch-weit-von-normalitaet-entfernt-ekd","status":"publish","type":"post","link":"https:\/\/krankenhauspfarramt.de\/index.php\/2020\/05\/13\/noch-weit-von-normalitaet-entfernt-ekd\/","title":{"rendered":"Noch weit von Normalit\u00e4t entfernt \u2013 EKD"},"content":{"rendered":"<p> <br \/>\n<\/p>\n<div>\n<p>Das Furchtbare an dieser Krise seien die Beschr\u00e4nkungen bei der Abschiednahme, f\u00fcgte Neuser hinzu. Auch wenn es jetzt Lockerungen und \u00d6ffnungen gebe, sei die Situation noch \u201eabsolut anders als vor der Krise\u201c. Nach wie vor k\u00f6nnten sich die Menschen im Trauerfall nicht umarmen, nicht kondolieren, sich nicht an die Hand nehmen. Insofern bleibe es nach wie vor schwierig f\u00fcr die Angeh\u00f6rigen, sich nicht allein zu f\u00fchlen. \u201eDas m\u00fcssen die Bestatter, aber auch die Kirchen in irgendeiner Form auffangen\u201c, sagte Neuser.<\/p>\n<h3>Bestattungsunternehmen als systemrelevant anerkennen<\/h3>\n<p>In diesem Zusammenhang bekr\u00e4ftigte er die Forderung, alle Bestattungsunternehmen bundesweit als systemrelevant anzuerkennen. Zwar werde von allen betont, wie wichtig Bestatter seien, nicht nur in der derzeitigen Krisensituation. Aber in den meisten Bundesl\u00e4ndern verweigere man ihnen die Anerkennung als systemrelevanten Beruf. Allerdings h\u00e4tten alle Bundesl\u00e4nder zugestimmt, Kinder von Bestatterinnen und Bestattern in die Notfallbetreuung aufzunehmen.<\/p>\n<p>Die Versorgung der Bestattungsunternehmen mit Schutzkleidung und Desinfektionsmitteln w\u00e4hrend der Corona-Krise habe sich dagegen nur bedingt verbessert, sagte Neuser weiter. Es gebe positive Beispiele aus einzelnen Bundesl\u00e4ndern wie Bremen, Berlin und Th\u00fcringen, wo Bestatter an den L\u00e4nderbestellung von Schutzausr\u00fcstungen partizipieren konnten. Aber in anderen L\u00e4ndern sei dies nicht der Fall.<\/p>\n<h3>Trauerfeiern \u201enicht ins Unendliche hinausz\u00f6gern\u201c<\/h3>\n<p>Neuser bezeichnete die Umsetzung der von den Bundesl\u00e4ndern vorgegebenen Schutzma\u00dfnahmen bei Beerdigungen und Trauerfeiern als richtig und notwendig, vor allem wegen der vielen \u00e4lteren Teilnehmer. Aber auch wenn jetzt die meisten Trauerhallen unter Einhaltung der Abstandsregeln wieder offen sind und die Teilnehmerbegrenzungen aufgehoben oder zumindest erh\u00f6ht wurden, bleibe es weiter eine Ausnahmesituation. Beschr\u00e4nkungen gebe es auch weiter beim Gesang. Wie bei den kirchlichen Gottesdiensten sei Musik nicht uneingeschr\u00e4nkt m\u00f6glich, Blasinstrumente seien meist noch untersagt.<\/p>\n<p>Obwohl die M\u00f6glichkeit besteht, eine Trauerfeier zu verschieben, sollte man es \u201enicht ins Unendliche hinausz\u00f6gern\u201c, sagte Neuser. Die Regelungen zur Beisetzungspflicht seien von Bundesland zu Bundesland unterschiedlich, in Nordrhein-Westfalen etwa m\u00fcsse eine Urne sechs Wochen nach der Kremation nachweislich beigesetzt werden. Wer eine Trauerfeier zu lange hinausschiebe, k\u00f6nne nicht richtig abschlie\u00dfen.<\/p>\n<p style=\"text-align:right\">Stephan Cezanne (epd)<\/p>\n<\/p><\/div>\n","protected":false},"excerpt":{"rendered":"<p>Das Furchtbare an dieser Krise seien die Beschr\u00e4nkungen bei der Abschiednahme, f\u00fcgte Neuser hinzu. Auch wenn es jetzt Lockerungen und<\/p>\n","protected":false},"author":1,"featured_media":1279,"comment_status":"closed","ping_status":"closed","sticky":false,"template":"","format":"standard","meta":{"footnotes":""},"categories":[20],"tags":[],"_links":{"self":[{"href":"https:\/\/krankenhauspfarramt.de\/index.php\/wp-json\/wp\/v2\/posts\/1278"}],"collection":[{"href":"https:\/\/krankenhauspfarramt.de\/index.php\/wp-json\/wp\/v2\/posts"}],"about":[{"href":"https:\/\/krankenhauspfarramt.de\/index.php\/wp-json\/wp\/v2\/types\/post"}],"author":[{"embeddable":true,"href":"https:\/\/krankenhauspfarramt.de\/index.php\/wp-json\/wp\/v2\/users\/1"}],"replies":[{"embeddable":true,"href":"https:\/\/krankenhauspfarramt.de\/index.php\/wp-json\/wp\/v2\/comments?post=1278"}],"version-history":[{"count":1,"href":"https:\/\/krankenhauspfarramt.de\/index.php\/wp-json\/wp\/v2\/posts\/1278\/revisions"}],"predecessor-version":[{"id":1280,"href":"https:\/\/krankenhauspfarramt.de\/index.php\/wp-json\/wp\/v2\/posts\/1278\/revisions\/1280"}],"wp:featuredmedia":[{"embeddable":true,"href":"https:\/\/krankenhauspfarramt.de\/index.php\/wp-json\/wp\/v2\/media\/1279"}],"wp:attachment":[{"href":"https:\/\/krankenhauspfarramt.de\/index.php\/wp-json\/wp\/v2\/media?parent=1278"}],"wp:term":[{"taxonomy":"category","embeddable":true,"href":"https:\/\/krankenhauspfarramt.de\/index.php\/wp-json\/wp\/v2\/categories?post=1278"},{"taxonomy":"post_tag","embeddable":true,"href":"https:\/\/krankenhauspfarramt.de\/index.php\/wp-json\/wp\/v2\/tags?post=1278"}],"curies":[{"name":"wp","href":"https:\/\/api.w.org\/{rel}","templated":true}]}}