{"id":1281,"date":"2020-05-13T17:39:03","date_gmt":"2020-05-13T17:39:03","guid":{"rendered":"https:\/\/krankenhauspfarramt.de\/index.php\/2020\/05\/13\/hinter-plexiglas-lassen-besuche-keine-naehe-zu-ekd\/"},"modified":"2020-05-13T17:39:05","modified_gmt":"2020-05-13T17:39:05","slug":"hinter-plexiglas-lassen-besuche-keine-naehe-zu-ekd","status":"publish","type":"post","link":"https:\/\/krankenhauspfarramt.de\/index.php\/2020\/05\/13\/hinter-plexiglas-lassen-besuche-keine-naehe-zu-ekd\/","title":{"rendered":"Hinter Plexiglas lassen Besuche keine N\u00e4he zu \u2013 EKD"},"content":{"rendered":"<p> <br \/>\n<\/p>\n<div>\n<p>Dabei variieren die Vorgaben in den einzelnen L\u00e4ndern stark: In Nordrhein-Westfalen d\u00fcrfen t\u00e4glich zwei Personen bis zu zwei Stunden ihre pflegebed\u00fcrftigen Angeh\u00f6rigen besuchen. In Hessen ist ein Besuch nur einmal die Woche f\u00fcr eine Stunde erlaubt. Niedersachsen stellt es den Einrichtungen frei, wie sie Besuche erm\u00f6glichen \u2013 nur ein Hygienekonzepte zum Schutz der Bewohner muss vorliegen: Abstand, Mund-Nasen-Schutz, Handdesinfektion, manchmal auch Schutzkleidung, alle Besucher werden registriert. Diese Empfehlungen des Robert Koch-Institutes gelten praktisch f\u00fcr alle Einrichtungen. Wie nah man dort seinen engsten Verwandten kommt, ist wiederum vom Heim zu Heim verschieden.<\/p>\n<h3>\u201eBesuchsverbote auf die Dauer keine L\u00f6sung\u201c<\/h3>\n<p>Peter Bremer (Name ge\u00e4ndert) hatte sich sehr gefreut, seine 92-j\u00e4hrige Mutter nach langer Zeit direkt sprechen zu k\u00f6nnen. In dem nieders\u00e4chsischen Seniorenheim in der N\u00e4he von Osnabr\u00fcck wurde der Besuch am Muttertag aber nur f\u00fcr 15 Minuten erlaubt, durch ein Fenster zu einem kleinen Vorbau mit einer Plexiglasscheibe. \u201eDa waren wir erst mal erstaunt, und konnten nur kurz mit ihr sprechen\u201c, berichtet er etwas entt\u00e4uscht. Auch seine Mutter habe sich gefragt, \u201ewie lange das so noch geht\u201c.<\/p>\n<p>Der BIVA-Pflegeschutzbund bekommt derzeit zahlreiche Anrufe und Mails von Menschen, denen die Lockerungen nicht weit genug gehen. \u201eEs geht ja nicht darum, dass sich die Angeh\u00f6rigen mal wieder blicken lassen\u201c, betont Sprecher David Kr\u00f6ll. Besuche seien notwendig, damit die Heimbewohner seelisch unterst\u00fctzt werden und Demenzkranke nicht weiter geistig und k\u00f6rperlich abbauen. Zudem unterst\u00fctzen Angeh\u00f6rige oft die Pflege und \u00fcbernehmen damit eine gewisse Kontrollfunktion.<\/p>\n<h3>Schutzma\u00dfnahmen an den Bed\u00fcrfnissen der Bewohner orientieren<\/h3>\n<p>Gwendolyn Stilling, Pressesprecherin des Parit\u00e4tischen Wohlfahrtsverbandes, hebt hervor, dass \u201eBesuchsverbote auf die Dauer keine L\u00f6sung sein k\u00f6nnen. Wir erfahren t\u00e4glich aus der Praxis, wie sehr Demenzkranke unter der Isolation leiden.\u201c Allerdings d\u00fcrfe man den Infektionsschutz nicht vernachl\u00e4ssigen und damit Leben riskieren. Notwendig seien mehr Tests f\u00fcr Pfleger und Pflegebed\u00fcrftige sowie Schutzkleidung. Und die f\u00fcr die Besuche notwendigen Schutz- und Hygienekonzepte erforderten \u201eenormen personellen Mehraufwand\u201c.<\/p>\n<p>Dabei m\u00fcssen sich die Schutzma\u00dfnahmen, betont wiederum David Kr\u00f6ll, an den Bed\u00fcrfnissen der Bewohnerinnen und Bewohner orientieren. \u201eSehbehinderte, demenziell erkrankte oder bettl\u00e4gerige Menschen k\u00f6nnen mit Besuchen hinter Plexiglasscheiben nichts anfangen\u201c, kritisiert er. Dann m\u00fcsse \u00fcber andere L\u00f6sungen nachgedacht werden \u2013 etwa Besuche am Bett mit Schutzkleidung oder gro\u00dfr\u00e4umige Besuchscontainer, in denen Abstand m\u00f6glich ist. F\u00fcr Heimbewohner, die laufen k\u00f6nnen oder im Rollstuhl sitzen, seien auch gemeinsame Spazierg\u00e4nge mit Mund- und Nasenschutz denkbar.<\/p>\n<p>Die Mutter von Anna Meyer, die auch an Demenz leidet und schlecht sieht, hat ohnehin nicht verstanden, warum Plexiglas sie und ihre Tochter trennt. Sie hat selber Fakten geschaffen. \u201eNach f\u00fcnf Minuten ist sie aufgestanden, an der Scheibe vorbeigelaufen und hat sich neben mich gesetzt\u201c, erz\u00e4hlt Meyer l\u00e4chelnd. Sie hat ihren Mund-Nasen-Schutz zurechtger\u00fcckt, weiter auf 1,5 Meter Abstand geachtet und sich mit ihrer Mutter unterhalten. \u201eIch h\u00e4tte sie auch einfach gerne in den Arm genommen, aber das geht wegen des Infektionsrisikos nat\u00fcrlich noch nicht.\u201c<\/p>\n<p style=\"text-align:right\">Michael Ruffert (epd)<\/p>\n<\/p><\/div>\n","protected":false},"excerpt":{"rendered":"<p>Dabei variieren die Vorgaben in den einzelnen L\u00e4ndern stark: In Nordrhein-Westfalen d\u00fcrfen t\u00e4glich zwei Personen bis zu zwei Stunden ihre<\/p>\n","protected":false},"author":1,"featured_media":1282,"comment_status":"closed","ping_status":"closed","sticky":false,"template":"","format":"standard","meta":{"footnotes":""},"categories":[20],"tags":[],"_links":{"self":[{"href":"https:\/\/krankenhauspfarramt.de\/index.php\/wp-json\/wp\/v2\/posts\/1281"}],"collection":[{"href":"https:\/\/krankenhauspfarramt.de\/index.php\/wp-json\/wp\/v2\/posts"}],"about":[{"href":"https:\/\/krankenhauspfarramt.de\/index.php\/wp-json\/wp\/v2\/types\/post"}],"author":[{"embeddable":true,"href":"https:\/\/krankenhauspfarramt.de\/index.php\/wp-json\/wp\/v2\/users\/1"}],"replies":[{"embeddable":true,"href":"https:\/\/krankenhauspfarramt.de\/index.php\/wp-json\/wp\/v2\/comments?post=1281"}],"version-history":[{"count":1,"href":"https:\/\/krankenhauspfarramt.de\/index.php\/wp-json\/wp\/v2\/posts\/1281\/revisions"}],"predecessor-version":[{"id":1283,"href":"https:\/\/krankenhauspfarramt.de\/index.php\/wp-json\/wp\/v2\/posts\/1281\/revisions\/1283"}],"wp:featuredmedia":[{"embeddable":true,"href":"https:\/\/krankenhauspfarramt.de\/index.php\/wp-json\/wp\/v2\/media\/1282"}],"wp:attachment":[{"href":"https:\/\/krankenhauspfarramt.de\/index.php\/wp-json\/wp\/v2\/media?parent=1281"}],"wp:term":[{"taxonomy":"category","embeddable":true,"href":"https:\/\/krankenhauspfarramt.de\/index.php\/wp-json\/wp\/v2\/categories?post=1281"},{"taxonomy":"post_tag","embeddable":true,"href":"https:\/\/krankenhauspfarramt.de\/index.php\/wp-json\/wp\/v2\/tags?post=1281"}],"curies":[{"name":"wp","href":"https:\/\/api.w.org\/{rel}","templated":true}]}}