{"id":1301,"date":"2020-05-14T11:40:08","date_gmt":"2020-05-14T11:40:08","guid":{"rendered":"https:\/\/krankenhauspfarramt.de\/index.php\/2020\/05\/14\/gebet-der-weltreligionen-fuer-die-ueberwindung-der-corona-pandemie\/"},"modified":"2020-05-14T11:40:11","modified_gmt":"2020-05-14T11:40:11","slug":"gebet-der-weltreligionen-fuer-die-ueberwindung-der-corona-pandemie","status":"publish","type":"post","link":"https:\/\/krankenhauspfarramt.de\/index.php\/2020\/05\/14\/gebet-der-weltreligionen-fuer-die-ueberwindung-der-corona-pandemie\/","title":{"rendered":"Gebet der Weltreligionen f\u00fcr die \u00dcberwindung der Corona-Pandemie"},"content":{"rendered":"<p> <br \/>\n<br \/>Die Evangelische Kirche in Deutschland (EKD) unterst\u00fctzt den Aufruf des \u00d6kumenischen Rats der Kirchen zum weltweiten Gebet f\u00fcr die \u00dcberwindung der Corona-Pandemie. EKD-Ratsmitglied Bisch\u00f6fin Kirsten Fehrs beteiligt sich an einem multireligi\u00f6sen Video-Gebet, das vom Runden Tisch der Religionen in Deutschland initiiert wurde.<\/p>\n","protected":false},"excerpt":{"rendered":"<p>Die Evangelische Kirche in Deutschland (EKD) unterst\u00fctzt den Aufruf des \u00d6kumenischen Rats der Kirchen zum weltweiten Gebet f\u00fcr die \u00dcberwindung<\/p>\n","protected":false},"author":1,"featured_media":1302,"comment_status":"closed","ping_status":"closed","sticky":false,"template":"","format":"standard","meta":{"footnotes":""},"categories":[20],"tags":[],"_links":{"self":[{"href":"https:\/\/krankenhauspfarramt.de\/index.php\/wp-json\/wp\/v2\/posts\/1301"}],"collection":[{"href":"https:\/\/krankenhauspfarramt.de\/index.php\/wp-json\/wp\/v2\/posts"}],"about":[{"href":"https:\/\/krankenhauspfarramt.de\/index.php\/wp-json\/wp\/v2\/types\/post"}],"author":[{"embeddable":true,"href":"https:\/\/krankenhauspfarramt.de\/index.php\/wp-json\/wp\/v2\/users\/1"}],"replies":[{"embeddable":true,"href":"https:\/\/krankenhauspfarramt.de\/index.php\/wp-json\/wp\/v2\/comments?post=1301"}],"version-history":[{"count":1,"href":"https:\/\/krankenhauspfarramt.de\/index.php\/wp-json\/wp\/v2\/posts\/1301\/revisions"}],"predecessor-version":[{"id":1303,"href":"https:\/\/krankenhauspfarramt.de\/index.php\/wp-json\/wp\/v2\/posts\/1301\/revisions\/1303"}],"wp:featuredmedia":[{"embeddable":true,"href":"https:\/\/krankenhauspfarramt.de\/index.php\/wp-json\/wp\/v2\/media\/1302"}],"wp:attachment":[{"href":"https:\/\/krankenhauspfarramt.de\/index.php\/wp-json\/wp\/v2\/media?parent=1301"}],"wp:term":[{"taxonomy":"category","embeddable":true,"href":"https:\/\/krankenhauspfarramt.de\/index.php\/wp-json\/wp\/v2\/categories?post=1301"},{"taxonomy":"post_tag","embeddable":true,"href":"https:\/\/krankenhauspfarramt.de\/index.php\/wp-json\/wp\/v2\/tags?post=1301"}],"curies":[{"name":"wp","href":"https:\/\/api.w.org\/{rel}","templated":true}]}}