{"id":1345,"date":"2020-05-22T12:54:48","date_gmt":"2020-05-22T12:54:48","guid":{"rendered":"https:\/\/krankenhauspfarramt.de\/index.php\/2020\/05\/22\/hilfswerke-rufen-zu-spenden-fuer-opfer-von-zyklon-amphan-auf-ekd\/"},"modified":"2020-05-22T12:54:50","modified_gmt":"2020-05-22T12:54:50","slug":"hilfswerke-rufen-zu-spenden-fuer-opfer-von-zyklon-amphan-auf-ekd","status":"publish","type":"post","link":"https:\/\/krankenhauspfarramt.de\/index.php\/2020\/05\/22\/hilfswerke-rufen-zu-spenden-fuer-opfer-von-zyklon-amphan-auf-ekd\/","title":{"rendered":"Hilfswerke rufen zu Spenden f\u00fcr Opfer von Zyklon \u201eAmphan\u201c auf \u2013 EKD"},"content":{"rendered":"<p> <br \/>\n<\/p>\n<div>\n<p>Millionen Menschen seien in den letzten Tagen aus den K\u00fcstengebieten evakuiert worden, so die Diakonie: \u201eDie Bedingungen waren aufgrund der Corona-Pandemie besonders erschwert. Beide L\u00e4nder k\u00e4mpfen mit steigenden Infektionsraten, es gilt eine Ausgangssperre.\u201c Laut Experten sei \u201eAmphan\u201c einer der schlimmsten Wirbelst\u00fcrme im Golf von Bengalen der vergangenen 20 Jahre, so das evangelische Hilfswerk.<\/p>\n<p>Nach den Verheerungen durch \u201eAmphan\u201c hat Caritas\u00a0eine Hilfsaktion gestartet. Caritas-Nothilfe-Teams haben den Angaben zufolge in den besonders schwer getroffenen Regionen Tausende \u00dcberlebenspakte f\u00fcr Familien in Zyklon-Schutzbauten und Evakuierungszentren bereitgestellt, wie das katholische Hilfswerk mitteilte. Ben\u00f6tigt w\u00fcrden vor allem Lebensmittel, sauberes Trinkwasser, Hygiene-Artikel sowie Werkzeug und Material f\u00fcr die Reparatur der H\u00e4user, die von dem Sturm besch\u00e4digt wurden.<\/p>\n<hr\/>\n<p><em>Die Diakonie Katastrophenhilfe bittet um Spenden f\u00fcr dringend ben\u00f6tigte Akuthilfe!<\/em><\/p>\n<p><em><strong>Diakonie Katastrophenhilfe, Stichwort \u201eSturmhilfe Asien\u201c<\/strong><br \/><strong>IBAN DE6852 0604 1000 0050 2502<\/strong><\/em><\/p>\n<p><em>oder online unter www.diakonie-katastrophenhilfe.de\/spenden\/<\/em><\/p>\n<\/p><\/div>\n","protected":false},"excerpt":{"rendered":"<p>Millionen Menschen seien in den letzten Tagen aus den K\u00fcstengebieten evakuiert worden, so die Diakonie: \u201eDie Bedingungen waren aufgrund der<\/p>\n","protected":false},"author":1,"featured_media":1346,"comment_status":"closed","ping_status":"closed","sticky":false,"template":"","format":"standard","meta":{"footnotes":""},"categories":[20],"tags":[],"_links":{"self":[{"href":"https:\/\/krankenhauspfarramt.de\/index.php\/wp-json\/wp\/v2\/posts\/1345"}],"collection":[{"href":"https:\/\/krankenhauspfarramt.de\/index.php\/wp-json\/wp\/v2\/posts"}],"about":[{"href":"https:\/\/krankenhauspfarramt.de\/index.php\/wp-json\/wp\/v2\/types\/post"}],"author":[{"embeddable":true,"href":"https:\/\/krankenhauspfarramt.de\/index.php\/wp-json\/wp\/v2\/users\/1"}],"replies":[{"embeddable":true,"href":"https:\/\/krankenhauspfarramt.de\/index.php\/wp-json\/wp\/v2\/comments?post=1345"}],"version-history":[{"count":1,"href":"https:\/\/krankenhauspfarramt.de\/index.php\/wp-json\/wp\/v2\/posts\/1345\/revisions"}],"predecessor-version":[{"id":1347,"href":"https:\/\/krankenhauspfarramt.de\/index.php\/wp-json\/wp\/v2\/posts\/1345\/revisions\/1347"}],"wp:featuredmedia":[{"embeddable":true,"href":"https:\/\/krankenhauspfarramt.de\/index.php\/wp-json\/wp\/v2\/media\/1346"}],"wp:attachment":[{"href":"https:\/\/krankenhauspfarramt.de\/index.php\/wp-json\/wp\/v2\/media?parent=1345"}],"wp:term":[{"taxonomy":"category","embeddable":true,"href":"https:\/\/krankenhauspfarramt.de\/index.php\/wp-json\/wp\/v2\/categories?post=1345"},{"taxonomy":"post_tag","embeddable":true,"href":"https:\/\/krankenhauspfarramt.de\/index.php\/wp-json\/wp\/v2\/tags?post=1345"}],"curies":[{"name":"wp","href":"https:\/\/api.w.org\/{rel}","templated":true}]}}