{"id":1348,"date":"2020-05-22T17:26:24","date_gmt":"2020-05-22T17:26:24","guid":{"rendered":"https:\/\/krankenhauspfarramt.de\/index.php\/2020\/05\/22\/diakonie-corona-schutz-in-fluechtlingsheimen-voellig-unzureichend\/"},"modified":"2020-05-22T17:26:26","modified_gmt":"2020-05-22T17:26:26","slug":"diakonie-corona-schutz-in-fluechtlingsheimen-voellig-unzureichend","status":"publish","type":"post","link":"https:\/\/krankenhauspfarramt.de\/index.php\/2020\/05\/22\/diakonie-corona-schutz-in-fluechtlingsheimen-voellig-unzureichend\/","title":{"rendered":"Diakonie: Corona-Schutz in Fl\u00fcchtlingsheimen v\u00f6llig unzureichend"},"content":{"rendered":"<p> <br \/>\n<br \/>Die Diakonie kritisiert mangelnde Schutzma\u00dfnahmen gegen Corona in Fl\u00fcchtlingsunterk\u00fcnften. Mit Blick auf die Ausbr\u00fcche des Virus in Heimen in Nordrhein-Westfalen, Hessen und Rheinland-Pfalz forderte Pr\u00e4sident Ulrich Lilie, \u201edie Menschen so schnell wie m\u00f6glich in kleinere Einrichtungen in den Kommunen zu verteilen\u201c.<\/p>\n","protected":false},"excerpt":{"rendered":"<p>Die Diakonie kritisiert mangelnde Schutzma\u00dfnahmen gegen Corona in Fl\u00fcchtlingsunterk\u00fcnften. Mit Blick auf die Ausbr\u00fcche des Virus in Heimen in Nordrhein-Westfalen,<\/p>\n","protected":false},"author":1,"featured_media":1349,"comment_status":"closed","ping_status":"closed","sticky":false,"template":"","format":"standard","meta":{"footnotes":""},"categories":[20],"tags":[],"_links":{"self":[{"href":"https:\/\/krankenhauspfarramt.de\/index.php\/wp-json\/wp\/v2\/posts\/1348"}],"collection":[{"href":"https:\/\/krankenhauspfarramt.de\/index.php\/wp-json\/wp\/v2\/posts"}],"about":[{"href":"https:\/\/krankenhauspfarramt.de\/index.php\/wp-json\/wp\/v2\/types\/post"}],"author":[{"embeddable":true,"href":"https:\/\/krankenhauspfarramt.de\/index.php\/wp-json\/wp\/v2\/users\/1"}],"replies":[{"embeddable":true,"href":"https:\/\/krankenhauspfarramt.de\/index.php\/wp-json\/wp\/v2\/comments?post=1348"}],"version-history":[{"count":1,"href":"https:\/\/krankenhauspfarramt.de\/index.php\/wp-json\/wp\/v2\/posts\/1348\/revisions"}],"predecessor-version":[{"id":1350,"href":"https:\/\/krankenhauspfarramt.de\/index.php\/wp-json\/wp\/v2\/posts\/1348\/revisions\/1350"}],"wp:featuredmedia":[{"embeddable":true,"href":"https:\/\/krankenhauspfarramt.de\/index.php\/wp-json\/wp\/v2\/media\/1349"}],"wp:attachment":[{"href":"https:\/\/krankenhauspfarramt.de\/index.php\/wp-json\/wp\/v2\/media?parent=1348"}],"wp:term":[{"taxonomy":"category","embeddable":true,"href":"https:\/\/krankenhauspfarramt.de\/index.php\/wp-json\/wp\/v2\/categories?post=1348"},{"taxonomy":"post_tag","embeddable":true,"href":"https:\/\/krankenhauspfarramt.de\/index.php\/wp-json\/wp\/v2\/tags?post=1348"}],"curies":[{"name":"wp","href":"https:\/\/api.w.org\/{rel}","templated":true}]}}