{"id":1370,"date":"2020-05-26T16:34:47","date_gmt":"2020-05-26T16:34:47","guid":{"rendered":"https:\/\/krankenhauspfarramt.de\/index.php\/2020\/05\/26\/jahresprogramm-2021-des-studienseminars-pullach-erschienen-ekd\/"},"modified":"2020-05-26T16:34:49","modified_gmt":"2020-05-26T16:34:49","slug":"jahresprogramm-2021-des-studienseminars-pullach-erschienen-ekd","status":"publish","type":"post","link":"https:\/\/krankenhauspfarramt.de\/index.php\/2020\/05\/26\/jahresprogramm-2021-des-studienseminars-pullach-erschienen-ekd\/","title":{"rendered":"Jahresprogramm 2021 des Studienseminars Pullach erschienen \u2013 EKD"},"content":{"rendered":"<p> <br \/>\n<\/p>\n<div id=\"\">\n<div class=\"article--meta article--meta__border clearfix\">\n<p>                                    <time datetime=\"26.05.2020 11:00\" class=\"article--time\">26.05.2020<\/time><strong class=\"article--type primus--overline\">Pressemitteilung<\/strong><\/p>\n<p><a href=\"http:\/\/www.velkd.de\/\" class=\"article--source\" target=\"_blank\" rel=\"noopener noreferrer\"><\/p>\n<picture class=\"article--source-image image\"><source srcset=\"\/ekd_de\/ds_img\/assets\/velkd.jpg\"><!--<source srcset=\"\/ekd_de\/ds_img\/assets\/velkd_rdax_141x141.jpg 1x, \/ekd_de\/ds_img\/assets\/velkd_rdax_282x282.jpg 2x, \/ekd_de\/ds_img\/assets\/velkd.jpg 3x\">--><\/source><\/picture><\/a><\/p><\/div>\n<h2 class=\"article--sub-headline primus--sub-headline\">Studienkurse verbinden Theologie mit dem Blick auf Kultur und Gesellschaft  <\/h2>\n<\/p><\/div>\n<div id=\"\">\n<p style=\"margin-bottom:0.0001pt; margin-left:0cm; margin-right:0cm; margin-top:0cm\">Das neue Kursprogramm des Theologischen Studienseminars der Vereinigten Evangelisch-Lutherischen Kirche Deutschlands (VELKD) in Pullach f\u00fcr das Jahr\u00a02021 ist erschienen. Die Studienkurse richten sich an Pfarrerinnen und Pfarrer und an religionsp\u00e4dagogisch Mitarbeitende sowie an Personen im kirchenleitenden Amt und an Pr\u00e4dikantinnen und Pr\u00e4dikanten. Die Anmeldung zu den Kursen ist ab sofort online m\u00f6glich.<\/p>\n<p style=\"margin-bottom:0.0001pt; margin-left:0cm; margin-right:0cm; margin-top:0cm\">\u00a0<\/p>\n<p style=\"margin-bottom:0.0001pt; margin-left:0cm; margin-right:0cm; margin-top:0cm\">\u201eWir leben in einer Zeit weitreichender Ver\u00e4nderungen. Die gegenw\u00e4rtige Krise hat Auswirkungen auf die Art und Weise, wie wir kirchliches Leben gestalten, wie wir vom Glauben reden, wie wir einander begegnen. In diesen Zeiten Theologie zu treiben hei\u00dft, sich der Grundlagen zu vergewissern, mit wachem Geist nachzudenken und neue Perspektiven einzunehmen\u201c, sagt der Leitende Bischof der VELKD, Landesbischof Ralf Meister (Hannover). Das Theologische Studienseminar leiste durch sein vielf\u00e4ltiges und qualifiziertes Kursangebot hierzu wichtige Beitr\u00e4ge.<\/p>\n<p style=\"margin-bottom:0.0001pt; margin-left:0cm; margin-right:0cm; margin-top:0cm\">\u00a0<\/p>\n<p style=\"margin-bottom:0.0001pt; margin-left:0cm; margin-right:0cm; margin-top:0cm\">\u201eViele Planungen stehen zum gegenw\u00e4rtigen Zeitpunkt unter einem gewissen Vorbehalt\u201c, sagt Rektor PD Dr. Detlef Dieckmann. \u201eDoch wir sind zuversichtlich, dass wir unsere Kurse 2021 auch unter ver\u00e4nderten Bedingungen gut gestalten und Freir\u00e4ume f\u00fcr theologische Bildung schaffen k\u00f6nnen.\u201c<\/p>\n<p style=\"margin-bottom:0.0001pt; margin-left:0cm; margin-right:0cm; margin-top:0cm\">\u00a0<\/p>\n<p style=\"margin-bottom:0.0001pt; margin-left:0cm; margin-right:0cm; margin-top:0cm\">Das theologische Studienseminar der VELKD liegt in Pullach im Isartal vor den Toren M\u00fcnchens. Die vom Rektor und von der Studienleiterin Dr. Christina Costanza konzipierten Studienkurse verbinden theologische Themen mit dem Blick auf Kultur und Gesellschaft zum Beispiel in Literatur- und Filmkursen oder vertiefen die Auseinandersetzung mit der eigenen Tradition in Bibel- und Lekt\u00fcrekursen. Ein besonderer Schwerpunkt sind die Angebote f\u00fcr ordinierte und nichtordinierte Kirchenleitende.<\/p>\n<p style=\"margin-bottom:0.0001pt; margin-left:0cm; margin-right:0cm; margin-top:0cm\">\u00a0<\/p>\n<p style=\"margin-bottom:0.0001pt; margin-left:0cm; margin-right:0cm; margin-top:0cm\"><em><span style=\"letter-spacing:-.2pt\">Hinweis: Anmeldungen zu den Kursen unter <\/span><\/em><em><span lang=\"X-NONE\"><span style=\"letter-spacing:-.2pt\">www.theologisches-studienseminar.de<\/span><\/span><\/em><em><span style=\"letter-spacing:-.2pt\">.<\/span><\/em><\/p>\n<p style=\"margin-bottom:0.0001pt; margin-left:0cm; margin-right:0cm; margin-top:0cm\">\u00a0<\/p>\n<p style=\"margin-bottom:0.0001pt; margin-left:0cm; margin-right:0cm; margin-top:0cm\">Hannover, 26. Mai 2020<\/p>\n<p style=\"margin-bottom:0.0001pt; margin-left:0cm; margin-right:0cm; margin-top:0cm\">\u00a0<\/p>\n<p style=\"margin-bottom:0.0001pt; margin-left:0cm; margin-right:0cm; margin-top:0cm\">Pressestelle der VELKD<\/p>\n<p style=\"margin-bottom:0.0001pt; margin-left:0cm; margin-right:0cm; margin-top:0cm\">Henrike M\u00fcller<\/p>\n<\/div>\n","protected":false},"excerpt":{"rendered":"<p>26.05.2020Pressemitteilung Studienkurse verbinden Theologie mit dem Blick auf Kultur und Gesellschaft Das neue Kursprogramm des Theologischen Studienseminars der Vereinigten Evangelisch-Lutherischen<\/p>\n","protected":false},"author":1,"featured_media":611,"comment_status":"closed","ping_status":"closed","sticky":false,"template":"","format":"standard","meta":{"footnotes":""},"categories":[20],"tags":[],"_links":{"self":[{"href":"https:\/\/krankenhauspfarramt.de\/index.php\/wp-json\/wp\/v2\/posts\/1370"}],"collection":[{"href":"https:\/\/krankenhauspfarramt.de\/index.php\/wp-json\/wp\/v2\/posts"}],"about":[{"href":"https:\/\/krankenhauspfarramt.de\/index.php\/wp-json\/wp\/v2\/types\/post"}],"author":[{"embeddable":true,"href":"https:\/\/krankenhauspfarramt.de\/index.php\/wp-json\/wp\/v2\/users\/1"}],"replies":[{"embeddable":true,"href":"https:\/\/krankenhauspfarramt.de\/index.php\/wp-json\/wp\/v2\/comments?post=1370"}],"version-history":[{"count":1,"href":"https:\/\/krankenhauspfarramt.de\/index.php\/wp-json\/wp\/v2\/posts\/1370\/revisions"}],"predecessor-version":[{"id":1371,"href":"https:\/\/krankenhauspfarramt.de\/index.php\/wp-json\/wp\/v2\/posts\/1370\/revisions\/1371"}],"wp:featuredmedia":[{"embeddable":true,"href":"https:\/\/krankenhauspfarramt.de\/index.php\/wp-json\/wp\/v2\/media\/611"}],"wp:attachment":[{"href":"https:\/\/krankenhauspfarramt.de\/index.php\/wp-json\/wp\/v2\/media?parent=1370"}],"wp:term":[{"taxonomy":"category","embeddable":true,"href":"https:\/\/krankenhauspfarramt.de\/index.php\/wp-json\/wp\/v2\/categories?post=1370"},{"taxonomy":"post_tag","embeddable":true,"href":"https:\/\/krankenhauspfarramt.de\/index.php\/wp-json\/wp\/v2\/tags?post=1370"}],"curies":[{"name":"wp","href":"https:\/\/api.w.org\/{rel}","templated":true}]}}