{"id":1431,"date":"2020-06-02T10:05:44","date_gmt":"2020-06-02T10:05:44","guid":{"rendered":"https:\/\/krankenhauspfarramt.de\/index.php\/2020\/06\/02\/kiba-kirche-des-monats-juni-2020-in-ranzin-ekd\/"},"modified":"2020-06-02T10:05:46","modified_gmt":"2020-06-02T10:05:46","slug":"kiba-kirche-des-monats-juni-2020-in-ranzin-ekd","status":"publish","type":"post","link":"https:\/\/krankenhauspfarramt.de\/index.php\/2020\/06\/02\/kiba-kirche-des-monats-juni-2020-in-ranzin-ekd\/","title":{"rendered":"KiBa-Kirche des Monats Juni 2020 in Ranzin \u2013 EKD"},"content":{"rendered":"<p> <br \/>\n<\/p>\n<div id=\"\">\n<div class=\"article--meta article--meta__border clearfix\">\n<p>                                    <time datetime=\"02.06.2020 10:00\" class=\"article--time\">02.06.2020<\/time><strong class=\"article--type primus--overline\">Pressemitteilung<\/strong><\/p>\n<p><a href=\"https:\/\/www.ekd.de\/index.htm\" class=\"article--source\" target=\"_blank\" rel=\"noopener noreferrer\"><\/p>\n<picture class=\"article--source-image image\"><source srcset=\"\/ekd_de\/ds_img\/assets\/20170622_ekd-Quellenlogo_141.png\"><!--<source srcset=\"\/ekd_de\/ds_img\/assets\/20170622_ekd-Quellenlogo_141_rdax_141x59.png 1x, \/ekd_de\/ds_img\/assets\/20170622_ekd-Quellenlogo_141_rdax_282x118.png 2x, \/ekd_de\/ds_img\/assets\/20170622_ekd-Quellenlogo_141.png 3x\">--><\/source><\/picture><\/a><\/p><\/div>\n<h2 class=\"article--sub-headline primus--sub-headline\">\u201eDie T\u00fcren \u00f6ffnen f\u00fcr alle\u201c<\/h2>\n<\/p><\/div>\n<div id=\"\">\n<p style=\"margin-bottom:0.0001pt; margin-left:0cm; margin-right:0cm; margin-top:0cm\">Die Dorfkirche im vorpommerschen Ranzin ist die \u201eKirche des Monats Juni 2020\u201c der Stiftung zur Bewahrung kirchlicher Baudenkm\u00e4ler in Deutschland (Stiftung KiBa). Die schon im 13. Jahrhundert erbaute Kirche an der touristisch frequentierten Strecke nach Usedom soll ein einladender Ort f\u00fcr alle Menschen sein. Daf\u00fcr muss sie vollst\u00e4ndig saniert werden. Die von der Evangelischen Kirche in Deutschland (EKD) gegr\u00fcndete Stiftung f\u00f6rdert die Instandsetzung in diesem Jahr mit 10.000 Euro.<br \/>\u00a0<\/p>\n<p style=\"margin-bottom:0.0001pt; margin-left:0cm; margin-right:0cm; margin-top:0cm\">Der Bau des im Wesentlichen aus unbehauenen Feldsteinen gefertigten Gotteshauses begann 1249. Der Westturm kam viele hundert Jahre sp\u00e4ter hinzu; er wurde 1861 aus Backstein auf einem sp\u00e4tgotischen Feldstein-Unterbau errichtet. Im Inneren der Kirche ziehen vier Buntglasfenster und freigelegte Wandmalereien vom Anfang des 14. Jahrhunderts die Blicke auf sich. Bemerkenswert sind auch die Grabplatten mit Wappen und Inschriften von 1315, 1357 und 1407, die zu den \u00e4ltesten erhaltenen Grabdenkm\u00e4lern in Vorpommern geh\u00f6ren.<\/p>\n<p style=\"margin-bottom:0.0001pt; margin-left:0cm; margin-right:0cm; margin-top:0cm\">Die Dorfkirche bietet in ihrem Inneren \u201eeine gro\u00dfe multifunktionale Freiheit f\u00fcr Ausstellungen, Konzerte und andere Veranstaltungen\u201c, sagt Pastor Ulf Harder. Die Kirche soll sich f\u00fcr alle \u00f6ffnen &#8211; in Ranzin scheint dies zu gelingen: Eine vor wenigen Jahren neben der Kirche eingerichtete Begegnungsst\u00e4tte der Gemeinde bringt Menschen aus Ranzin und Umgebung zusammen. Ein Schwerpunkt ist die naturnahe Bildungsarbeit: \u201eSch\u00fclerinnen und Sch\u00fcler k\u00f6nnen Smoothies herstellen, es gibt Imkereikurse, im Pfarrgarten werden die alten Obstb\u00e4ume durch neue Nachpflanzungen mit regionalen Obstsorten erhalten,\u201c berichtet Harder.<br \/>\u00a0<\/p>\n<p style=\"margin-bottom:0.0001pt; margin-left:0cm; margin-right:0cm; margin-top:0cm\">Das Begegnungszentrum belebt die Gemeindearbeit und mindert Ber\u00fchrungs\u00e4ngste zur Kirche. Diese kulturellen Angebote sollen dazu ermutigen, auch die geistlichen Angebote wahrzunehmen. Voraussetzung daf\u00fcr, dass dies weiter gelingt, ist nat\u00fcrlich: ein intaktes Geb\u00e4ude. Nachdem im vergangenen Jahr Dach und Innenraum des Kirchenschiffs saniert worden sind, steht der zweite Bauabschnitt kurz bevor. Die Renovierung des Westturms wird rund 471.000 Euro kosten.<\/p>\n<p style=\"margin-bottom:0.0001pt; margin-left:0cm; margin-right:0cm; margin-top:0cm\">\u00a0<\/p>\n<p style=\"margin-bottom:0.0001pt; margin-left:0cm; margin-right:0cm; margin-top:0cm\"><em>Die Stiftung zur Bewahrung kirchlicher Baudenkm\u00e4ler in Deutschland (Stiftung KiBa) ist eine Stiftung der EKD und der evangelischen Landeskirchen. Seit 1999 hat sie Zusagen f\u00fcr Sanierungsvorhaben in H\u00f6he von 33,9 Millionen Euro geben k\u00f6nnen. F\u00fcr dieses Jahr hat die KiBa bereits F\u00f6rderzusagen \u00fcber rund 1,6 Millionen Euro vorgesehen. Mehr als 3.600 Mitglieder engagieren sich bundesweit im \u201eF\u00f6rderverein der Stiftung KiBa e. V.\u201c Weitere Informationen unter <\/em><em>www.stiftung-kiba.de<\/em><\/p>\n<p style=\"margin-bottom:0.0001pt; margin-left:0cm; margin-right:0cm; margin-top:0cm\">\u00a0<\/p>\n<p class=\"EKDFlietext\" style=\"margin-bottom:0.0001pt; margin-left:0cm; margin-right:0cm; margin-top:0cm\">Hannover, 2. Juni 2020<\/p>\n<p class=\"EKDFlietext\" style=\"margin-bottom:0.0001pt; margin-left:0cm; margin-right:0cm; margin-top:0cm\">Pressestelle der EKD<\/p>\n<\/div>\n","protected":false},"excerpt":{"rendered":"<p>02.06.2020Pressemitteilung \u201eDie T\u00fcren \u00f6ffnen f\u00fcr alle\u201c Die Dorfkirche im vorpommerschen Ranzin ist die \u201eKirche des Monats Juni 2020\u201c der Stiftung<\/p>\n","protected":false},"author":1,"featured_media":569,"comment_status":"closed","ping_status":"closed","sticky":false,"template":"","format":"standard","meta":{"footnotes":""},"categories":[20],"tags":[],"_links":{"self":[{"href":"https:\/\/krankenhauspfarramt.de\/index.php\/wp-json\/wp\/v2\/posts\/1431"}],"collection":[{"href":"https:\/\/krankenhauspfarramt.de\/index.php\/wp-json\/wp\/v2\/posts"}],"about":[{"href":"https:\/\/krankenhauspfarramt.de\/index.php\/wp-json\/wp\/v2\/types\/post"}],"author":[{"embeddable":true,"href":"https:\/\/krankenhauspfarramt.de\/index.php\/wp-json\/wp\/v2\/users\/1"}],"replies":[{"embeddable":true,"href":"https:\/\/krankenhauspfarramt.de\/index.php\/wp-json\/wp\/v2\/comments?post=1431"}],"version-history":[{"count":1,"href":"https:\/\/krankenhauspfarramt.de\/index.php\/wp-json\/wp\/v2\/posts\/1431\/revisions"}],"predecessor-version":[{"id":1432,"href":"https:\/\/krankenhauspfarramt.de\/index.php\/wp-json\/wp\/v2\/posts\/1431\/revisions\/1432"}],"wp:featuredmedia":[{"embeddable":true,"href":"https:\/\/krankenhauspfarramt.de\/index.php\/wp-json\/wp\/v2\/media\/569"}],"wp:attachment":[{"href":"https:\/\/krankenhauspfarramt.de\/index.php\/wp-json\/wp\/v2\/media?parent=1431"}],"wp:term":[{"taxonomy":"category","embeddable":true,"href":"https:\/\/krankenhauspfarramt.de\/index.php\/wp-json\/wp\/v2\/categories?post=1431"},{"taxonomy":"post_tag","embeddable":true,"href":"https:\/\/krankenhauspfarramt.de\/index.php\/wp-json\/wp\/v2\/tags?post=1431"}],"curies":[{"name":"wp","href":"https:\/\/api.w.org\/{rel}","templated":true}]}}