{"id":1439,"date":"2020-06-02T15:31:49","date_gmt":"2020-06-02T15:31:49","guid":{"rendered":"https:\/\/krankenhauspfarramt.de\/index.php\/2020\/06\/02\/epd-dokumentation-neue-perspektiven-auf-die-taufe-erschienen-ekd\/"},"modified":"2020-06-02T15:31:51","modified_gmt":"2020-06-02T15:31:51","slug":"epd-dokumentation-neue-perspektiven-auf-die-taufe-erschienen-ekd","status":"publish","type":"post","link":"https:\/\/krankenhauspfarramt.de\/index.php\/2020\/06\/02\/epd-dokumentation-neue-perspektiven-auf-die-taufe-erschienen-ekd\/","title":{"rendered":"epd-Dokumentation \u201eNeue Perspektiven auf die Taufe\u201c erschienen \u2013 EKD"},"content":{"rendered":"<p> <br \/>\n<\/p>\n<div id=\"\">\n<p>Die j\u00fcngst erschienene epd-Dokumentation \u201eNeue Perspektiven auf die Taufe &#8211; Erfahrungsaustausch der Vereinigung Evangelischer Freikirchen e. V. (VEF) und der Evangelischen Kirche in Deutschland (EKD)\u201c b\u00fcndelt den Diskussionsstand der gleichnamigen Tagung, die im M\u00e4rz 2019 in der Theologischen Hochschule Reutlingen stattfand. Die Tagung hatte ein zweifaches Ziel, was in den theologischen Differenzen im Taufverst\u00e4ndnis und den daraus resultierenden Auseinandersetzungen zwischen ihren institutionellen Repr\u00e4sentanten, einerseits den evangelischen Freikirchen und andererseits den Gliedkirchen der EKD, begr\u00fcndet war.<\/p>\n<p>Ziel war nicht nur der Erfahrungsaustausch und die theologische Reflexion, sondern auch, dem Vers\u00f6hnungsprozess von VEF und EKD weiterf\u00fchrende Impulse zu geben. Die unterschiedlichen Taufverst\u00e4ndnisse, die M\u00fcndigentaufe in den Freikirchen, die S\u00e4uglingstaufe in den Landeskirchen, markieren nicht nur theologische Differenzen, sondern sie waren \u00fcber Jahrhunderte auch Grund f\u00fcr erbitterte Auseinandersetzungen und Feindschaft zwischen Landes- und Freikirchen bis hin zu Verfolgungen der Freikirchen.<\/p>\n<p>Deshalb lag es in der Absicht der Tagungsorganisatoren, dem Pr\u00e4sidenten der VEF, Pastor Christoph Stiba, und der Leiterin der Hauptabteilung \u00d6kumene und Auslandsarbeit der EKD, Bisch\u00f6fin Petra Bosse-Huber, \u201eImpulse zur Vers\u00f6hnung\u201c zwischen den Kirchen der VEF und der EKD zu geben und den Vers\u00f6hnungsprozess in der Tradition der \u201eHeilung der Erinnerung\u201c voranzubringen. Neben den Erfahrungsberichten aus den Kirchen lag der Fokus der theologischen Betrachtung darauf, die Tauftheologie im Horizont der vielf\u00e4ltigen und verschiedenartigen gemeindlichen Kontexte und Praktiken zu reflektieren. Die theologische \u00dcberwindung der \u00fcberkommenen exklusiven und damit ausschlie\u00dfenden Taufverst\u00e4ndnisse war dabei gleichzeitig ein Schritt zur \u00dcberwindung der institutionellen Gegnerschaft durch die wechselseitige \u201eanerkennende Wahrnehmung\u201c und Wertsch\u00e4tzung der beteiligten Kirchen.<\/p>\n<p>Hier finden Sie die epd-Dokumentation.<\/p>\n<p>Hier finden Sie ein Interview mit EKD-Auslandsbisch\u00f6fin Petra Bosse-Huber zur Tagung.<\/p>\n<p>Hannover, 2. Juni 2020<\/p>\n<p>Pressestelle der EKD<\/p>\n<\/div>\n","protected":false},"excerpt":{"rendered":"<p>Die j\u00fcngst erschienene epd-Dokumentation \u201eNeue Perspektiven auf die Taufe &#8211; Erfahrungsaustausch der Vereinigung Evangelischer Freikirchen e. V. (VEF) und der<\/p>\n","protected":false},"author":1,"featured_media":677,"comment_status":"closed","ping_status":"closed","sticky":false,"template":"","format":"standard","meta":{"footnotes":""},"categories":[20],"tags":[],"_links":{"self":[{"href":"https:\/\/krankenhauspfarramt.de\/index.php\/wp-json\/wp\/v2\/posts\/1439"}],"collection":[{"href":"https:\/\/krankenhauspfarramt.de\/index.php\/wp-json\/wp\/v2\/posts"}],"about":[{"href":"https:\/\/krankenhauspfarramt.de\/index.php\/wp-json\/wp\/v2\/types\/post"}],"author":[{"embeddable":true,"href":"https:\/\/krankenhauspfarramt.de\/index.php\/wp-json\/wp\/v2\/users\/1"}],"replies":[{"embeddable":true,"href":"https:\/\/krankenhauspfarramt.de\/index.php\/wp-json\/wp\/v2\/comments?post=1439"}],"version-history":[{"count":1,"href":"https:\/\/krankenhauspfarramt.de\/index.php\/wp-json\/wp\/v2\/posts\/1439\/revisions"}],"predecessor-version":[{"id":1440,"href":"https:\/\/krankenhauspfarramt.de\/index.php\/wp-json\/wp\/v2\/posts\/1439\/revisions\/1440"}],"wp:featuredmedia":[{"embeddable":true,"href":"https:\/\/krankenhauspfarramt.de\/index.php\/wp-json\/wp\/v2\/media\/677"}],"wp:attachment":[{"href":"https:\/\/krankenhauspfarramt.de\/index.php\/wp-json\/wp\/v2\/media?parent=1439"}],"wp:term":[{"taxonomy":"category","embeddable":true,"href":"https:\/\/krankenhauspfarramt.de\/index.php\/wp-json\/wp\/v2\/categories?post=1439"},{"taxonomy":"post_tag","embeddable":true,"href":"https:\/\/krankenhauspfarramt.de\/index.php\/wp-json\/wp\/v2\/tags?post=1439"}],"curies":[{"name":"wp","href":"https:\/\/api.w.org\/{rel}","templated":true}]}}