{"id":1445,"date":"2020-06-03T10:19:49","date_gmt":"2020-06-03T10:19:49","guid":{"rendered":"https:\/\/krankenhauspfarramt.de\/index.php\/2020\/06\/03\/in-new-york-gehen-alle-schichten-auf-die-strasse-ekd\/"},"modified":"2020-06-03T10:19:51","modified_gmt":"2020-06-03T10:19:51","slug":"in-new-york-gehen-alle-schichten-auf-die-strasse-ekd","status":"publish","type":"post","link":"https:\/\/krankenhauspfarramt.de\/index.php\/2020\/06\/03\/in-new-york-gehen-alle-schichten-auf-die-strasse-ekd\/","title":{"rendered":"\u201eIn New York gehen alle Schichten auf die Stra\u00dfe\u201c \u2013 EKD"},"content":{"rendered":"<p> <br \/>\n<\/p>\n<div>\n<p><em>Was bekommen Sie von den Pl\u00fcnderungen mit?<\/em><\/p>\n<p><strong>Miriam Gro\u00df: <\/strong>Solche Pl\u00fcnderungen gibt es selbst an der 5th Avenue. Zudem haben Gro\u00dfm\u00e4rkte wie Target ihre Gesch\u00e4fte geschlossen. Ich m\u00f6chte diese Gewalt nicht rechtfertigen, aber diese Pl\u00fcnderungen sind auch ein Ausdruck der Verzweiflung. Brutalit\u00e4t ist von keiner Seite zu rechtfertigen, und Pl\u00fcnderungen sind eine Straftat, ohne Wenn und Aber. Aber man kann diesen Ausbruch durchaus auch psychologisch erkl\u00e4ren.<\/p>\n<p><em>Wie beurteilen Sie die Rolle von US-Pr\u00e4sident Trump in dieser Situation, etwa seinen j\u00fcngsten Auftritt vor einer Kirche in Washington mit einer Bibel in der Hand?<\/em><\/p>\n<p><strong>Miriam Gro\u00df:\u00a0<\/strong>Ich empfand diese Zeichenhandlung als zutiefst verst\u00f6rend. Wir als Kirche m\u00fcssen die Welt daran erinnern, dass wir eine von Gott geliebte und vers\u00f6hnte Welt sind. Das was Trump getan hat, war kein vers\u00f6hnendes Handeln.<\/p>\n<p><em>Wie empfinden sie die Arbeit der Polizei in dieser Situation, von au\u00dfen erscheint die Polizei ja oft als Aggressor?<\/em><\/p>\n<p><strong>Miriam Gro\u00df: <\/strong>Diese Schwarz-Wei\u00df-Malerei empfinde ich als ganz schwierig. Ich kenne ein ganz anderes Bild von der Polizei. Das von einer Polizei, die da ist und hilft und unterst\u00fctzt und freundlich ist. Ich wei\u00df von Polizisten, die in Demonstrationen angespuckt und mit Schimpfw\u00f6rtern \u00fcberzogen werden. Das ist schrecklich.<\/p>\n<p>Die New Yorker Polizisten haben ein Antirassismus- und Deeskalationstraining absolviert. Sie werden nicht dazu ausgebildet, dass sie Leute erschie\u00dfen. Wie die Ausbildung im Rest der USA aussieht, wei\u00df ich nicht. Die Cops hier verrichten eine harte Arbeit. Sie haben Familie, sie haben ihre eigenen Schicksale und f\u00fchlen sich dazu berufen zu helfen, nicht andere anzugreifen. Diese Polizisten sind Menschen aus allen Schichten, mit allen Hautfarben, verschiedener Nationalit\u00e4ten und Herk\u00fcnfte.<\/p>\n<p style=\"text-align:right\">Gespr\u00e4ch: Stephan Cezanne (epd)<\/p>\n<\/p><\/div>\n","protected":false},"excerpt":{"rendered":"<p>Was bekommen Sie von den Pl\u00fcnderungen mit? Miriam Gro\u00df: Solche Pl\u00fcnderungen gibt es selbst an der 5th Avenue. Zudem haben<\/p>\n","protected":false},"author":1,"featured_media":1446,"comment_status":"closed","ping_status":"closed","sticky":false,"template":"","format":"standard","meta":{"footnotes":""},"categories":[20],"tags":[],"_links":{"self":[{"href":"https:\/\/krankenhauspfarramt.de\/index.php\/wp-json\/wp\/v2\/posts\/1445"}],"collection":[{"href":"https:\/\/krankenhauspfarramt.de\/index.php\/wp-json\/wp\/v2\/posts"}],"about":[{"href":"https:\/\/krankenhauspfarramt.de\/index.php\/wp-json\/wp\/v2\/types\/post"}],"author":[{"embeddable":true,"href":"https:\/\/krankenhauspfarramt.de\/index.php\/wp-json\/wp\/v2\/users\/1"}],"replies":[{"embeddable":true,"href":"https:\/\/krankenhauspfarramt.de\/index.php\/wp-json\/wp\/v2\/comments?post=1445"}],"version-history":[{"count":1,"href":"https:\/\/krankenhauspfarramt.de\/index.php\/wp-json\/wp\/v2\/posts\/1445\/revisions"}],"predecessor-version":[{"id":1447,"href":"https:\/\/krankenhauspfarramt.de\/index.php\/wp-json\/wp\/v2\/posts\/1445\/revisions\/1447"}],"wp:featuredmedia":[{"embeddable":true,"href":"https:\/\/krankenhauspfarramt.de\/index.php\/wp-json\/wp\/v2\/media\/1446"}],"wp:attachment":[{"href":"https:\/\/krankenhauspfarramt.de\/index.php\/wp-json\/wp\/v2\/media?parent=1445"}],"wp:term":[{"taxonomy":"category","embeddable":true,"href":"https:\/\/krankenhauspfarramt.de\/index.php\/wp-json\/wp\/v2\/categories?post=1445"},{"taxonomy":"post_tag","embeddable":true,"href":"https:\/\/krankenhauspfarramt.de\/index.php\/wp-json\/wp\/v2\/tags?post=1445"}],"curies":[{"name":"wp","href":"https:\/\/api.w.org\/{rel}","templated":true}]}}