{"id":1451,"date":"2020-06-03T17:50:16","date_gmt":"2020-06-03T17:50:16","guid":{"rendered":"https:\/\/krankenhauspfarramt.de\/index.php\/2020\/06\/03\/lutheraner-rufen-zu-spenden-fuer-corona-welthilfe-auf-ekd\/"},"modified":"2020-06-03T17:50:21","modified_gmt":"2020-06-03T17:50:21","slug":"lutheraner-rufen-zu-spenden-fuer-corona-welthilfe-auf-ekd","status":"publish","type":"post","link":"https:\/\/krankenhauspfarramt.de\/index.php\/2020\/06\/03\/lutheraner-rufen-zu-spenden-fuer-corona-welthilfe-auf-ekd\/","title":{"rendered":"Lutheraner rufen zu Spenden f\u00fcr Corona-Welthilfe auf \u2013 EKD"},"content":{"rendered":"<p> <br \/>\n<\/p>\n<div>\n<p>In den Einsatzgebieten der Entwicklungs- und Nothilfeprogramme des LWB sei die Lage weiter angespannt, hie\u00df es weiter. Bischof July sagte, Menschen in Fl\u00fcchtlingslagern, armen Stadtvierteln oder abgelegenen D\u00f6rfern seien besonders gef\u00e4hrdet. Wer kein sauberes Wasser habe, k\u00f6nne sich nicht die H\u00e4nde waschen. Wer dicht an dicht lebe, k\u00f6nne keinen Abstand halten. Wer keine Informationen habe, wisse nicht, wie man sich sch\u00fctzt. Bei einer Infektion w\u00e4ren die Gesundheitssysteme \u00fcberfordert. \u201eDaher ist Pr\u00e4vention so wichtig, damit die Pandemie nicht die \u00c4rmsten der Armen trifft\u201c, sagte der Landesbischof der Evangelischen Landeskirche in W\u00fcrttemberg.<\/p>\n<p>Das Deutsche Nationalkomitee habe bereits 50.000 Euro f\u00fcr erste Corona-Ma\u00dfnahmen in Jordanien, \u00c4thiopien und dem Irak zur Verf\u00fcgung gestellt. In Jordanien w\u00fcrden mit deutscher Hilfe Hygienepakete an alle Familien im Fl\u00fcchtlingslager Zaatari verteilt. Dort lebten etwa 76.000 syrische Fl\u00fcchtlinge auf engstem Raum. In \u00c4thiopien kl\u00e4rt der LWB den Angaben zufolge \u00fcber Schutzma\u00dfnahmen gegen Corona auf. Im Irak w\u00fcrden Lebensmittel an Menschen verteilt, die durch die Ausgangsbeschr\u00e4nkung ihr Einkommen verloren haben.<\/p>\n<p>Der LWB-Weltdienst reagiere in allen seinen Programmen in mehr 20 L\u00e4ndern weltweit auf die Corona-Pandemie, erkl\u00e4rte der LWB. Die diakonischen Angebote richteten sich an bed\u00fcrftige Menschen unabh\u00e4ngig von ihrer religi\u00f6sen Zugeh\u00f6rigkeit. Das DNK\/LWB vertritt die elf deutschen Mitgliedskirchen im Lutherischen Weltbund, die mehr als elf Millionen Gemeindeglieder umfassen.<\/p>\n<hr\/>\n<p><em><strong>Spenden auf das Spendenkonto des DNK\/LWB:<\/strong><br \/>IBAN: DE21 5206 0410 0000 4195 40, BIC: GENODEF1EK1, Evangelische Bank<br \/>Stichwort: Corona-Hilfe weltweit<br \/><strong>oder online<\/strong> unter www.dnk-lwb.de\/spenden<\/em><\/p>\n<p><em><strong>Kostenbeispiele: So wirkt Ihre Spende<\/strong><br \/>Mit <strong>25 Euro<\/strong> tragen Sie dazu bei, die Menschen in \u00c4thiopien dar\u00fcber zu informieren, wie sie sich mit Hygienema\u00dfnahmen vor Corona sch\u00fctzen k\u00f6nnen.<br \/>Mit <strong>52 Euro<\/strong> finanzieren Sie z. B. vier Haushalten im Fl\u00fcchtlingscamp Za\u2019atari den monatli-chen Bedarf an Seife, Desinfektions- und Waschmittel.<br \/>Mit <strong>115 Euro<\/strong> versorgen Sie vier Fl\u00fcchtlingsfamilien im Nordirak mit Reis, Mehl und anderen Grundnahrungsmitteln f\u00fcr etwa sechs Wochen.<\/em><\/p>\n<\/p><\/div>\n","protected":false},"excerpt":{"rendered":"<p>In den Einsatzgebieten der Entwicklungs- und Nothilfeprogramme des LWB sei die Lage weiter angespannt, hie\u00df es weiter. Bischof July sagte,<\/p>\n","protected":false},"author":1,"featured_media":1452,"comment_status":"closed","ping_status":"closed","sticky":false,"template":"","format":"standard","meta":{"footnotes":""},"categories":[20],"tags":[],"_links":{"self":[{"href":"https:\/\/krankenhauspfarramt.de\/index.php\/wp-json\/wp\/v2\/posts\/1451"}],"collection":[{"href":"https:\/\/krankenhauspfarramt.de\/index.php\/wp-json\/wp\/v2\/posts"}],"about":[{"href":"https:\/\/krankenhauspfarramt.de\/index.php\/wp-json\/wp\/v2\/types\/post"}],"author":[{"embeddable":true,"href":"https:\/\/krankenhauspfarramt.de\/index.php\/wp-json\/wp\/v2\/users\/1"}],"replies":[{"embeddable":true,"href":"https:\/\/krankenhauspfarramt.de\/index.php\/wp-json\/wp\/v2\/comments?post=1451"}],"version-history":[{"count":1,"href":"https:\/\/krankenhauspfarramt.de\/index.php\/wp-json\/wp\/v2\/posts\/1451\/revisions"}],"predecessor-version":[{"id":1453,"href":"https:\/\/krankenhauspfarramt.de\/index.php\/wp-json\/wp\/v2\/posts\/1451\/revisions\/1453"}],"wp:featuredmedia":[{"embeddable":true,"href":"https:\/\/krankenhauspfarramt.de\/index.php\/wp-json\/wp\/v2\/media\/1452"}],"wp:attachment":[{"href":"https:\/\/krankenhauspfarramt.de\/index.php\/wp-json\/wp\/v2\/media?parent=1451"}],"wp:term":[{"taxonomy":"category","embeddable":true,"href":"https:\/\/krankenhauspfarramt.de\/index.php\/wp-json\/wp\/v2\/categories?post=1451"},{"taxonomy":"post_tag","embeddable":true,"href":"https:\/\/krankenhauspfarramt.de\/index.php\/wp-json\/wp\/v2\/tags?post=1451"}],"curies":[{"name":"wp","href":"https:\/\/api.w.org\/{rel}","templated":true}]}}