{"id":1454,"date":"2020-06-03T20:02:02","date_gmt":"2020-06-03T20:02:02","guid":{"rendered":"https:\/\/krankenhauspfarramt.de\/index.php\/2020\/06\/03\/oekumenischer-rat-der-kirchen-verschiebt-wegen-corona-krise-seine-vollversammlung-ekd\/"},"modified":"2020-06-03T20:02:04","modified_gmt":"2020-06-03T20:02:04","slug":"oekumenischer-rat-der-kirchen-verschiebt-wegen-corona-krise-seine-vollversammlung-ekd","status":"publish","type":"post","link":"https:\/\/krankenhauspfarramt.de\/index.php\/2020\/06\/03\/oekumenischer-rat-der-kirchen-verschiebt-wegen-corona-krise-seine-vollversammlung-ekd\/","title":{"rendered":"\u00d6kumenischer Rat der Kirchen verschiebt wegen Corona-Krise seine Vollversammlung \u2013 EKD"},"content":{"rendered":"<p> <br \/>\n<\/p>\n<div id=\"\">\n<p>Der Exekutivausschuss des \u00d6kumenischen Rates der Kirchen (\u00d6RK) hat im Auftrag des Zentralausschusses und in enger Abstimmung mit der Evangelischen Kirche in Deutschland (EKD), anderen gastgebenden Kirchen und lokalen Partnern\u00a0\u00a0 beschlossen, die urspr\u00fcnglich f\u00fcr September 2021 in Karlsruhe geplante 11. Vollversammlung auf 2022 zu verschieben.<\/p>\n<p>Die Entscheidung wurde am 3. Juni getroffen, insbesondere wegen der unkalkulierbaren globalen Risiken im Zusammenhang mit der COVID-19-Pandemie. Es ist zu hoffen, dass eine Versammlung im Jahr 2022 eine bessere Gelegenheit bietet, die uneingeschr\u00e4nkte Teilnahme der \u00f6kumenischen Gemeinschaft sicherzustellen. Der Standort Karlsruhe bleibt unver\u00e4ndert.<\/p>\n<p>Die EKD, die Evangelische Landeskirche in Baden, die Arbeitsgemeinschaft Christlicher Kirchen in Deutschland (ACK) und andere Kirchen in Deutschland, Frankreich und der Schweiz haben die Versammlung gemeinsam nach Karlsruhe, in eine europ\u00e4ische Grenzregion, eingeladen. Nun haben sie ihre Einladung erneut f\u00fcr 2022 best\u00e4tigt, was der \u00d6RK dankend angenommen hat.<\/p>\n<p>Die Vollversammlung wird 800 offizielle Delegierte aus den 350 Mitgliedskirchen des \u00d6RK sowie viele andere Teilnehmende und G\u00e4ste unter dem Thema \u201eChristi Liebe bewegt, vers\u00f6hnt und eint die Welt\u201c zusammenbringen.<\/p>\n<p>Das Thema wird im Licht der dramatischen globalen Situation reflektiert, verursacht durch die Covid-19-Pandemie. Die Pandemie wird auch erhebliche Auswirkungen auf die Planungen von Inhalt, Logistik und Finanzen haben.<\/p>\n<p>Ein neuer Termin f\u00fcr die Vollversammlung in der zweiten Jahresh\u00e4lfte 2022 wird derzeit gesucht und in K\u00fcrze mit der Karlsruher Messe und Kongress GmbH festgelegt. Die bereits weit fortgeschrittenen Pl\u00e4ne werden f\u00fcr 2022 \u00fcberarbeitet und umstrukturiert.<\/p>\n<p>Die Vollversammlung ist das h\u00f6chste Entscheidungsgremium des \u00d6RK und tagt alle acht Jahre. Sie legt die Grunds\u00e4tze und Leitlinien f\u00fcr die n\u00e4chsten Jahre fest und w\u00e4hlt den Zentralausschuss, die wichtigste Instanz zwischen den Vollversammlungen.<\/p>\n<p>Die Vorsitzende des Zentralausschusses, Agnes Abuom, sagte: \u201eWir hoffen, dass wir bis 2022 genauere Kenntnisse \u00fcber die Auswirkungen der COVID-19-Pandemie haben werden, und wir sind zuversichtlich, dass die verschobene Einberufung der Versammlung allen, die zusammen vorangehen, arbeiten und beten wollen, eine umfassendere Teilnahme erm\u00f6glichen wird. Es war eine sehr schwierige Entscheidung, aber wir vertrauen darauf, dass sie durch die Freude ausgeglichen wird, die wir empfinden werden, wenn wir uns endlich im Jahr 2022 versammeln k\u00f6nnen.\u201c<\/p>\n<p>Metropolit Gennadios von Sassima, stellvertretender Vorsitzender des \u00d6RK-Zentralausschusses und Vorsitzender des Planungsausschusses der Vollversammlung, sagte, dass die Sicherheit und die Beteiligung aller Kirchen f\u00fcr den \u00d6RK an erster Stelle stehe. \u201eWir treffen diese Entscheidung in F\u00fcrsorge und Liebe f\u00fcr die Einheit unserer einen menschlichen Familie\u201c, sagte Metropolit Gennadios. \u201eM\u00f6ge Gott uns helfen, die n\u00f6tige Sicherheit und Chancengleichheit zu gew\u00e4hrleisten f\u00fcr eine Vollversammlung, bei der alle herzlich willkommen sind.\u201c<\/p>\n<p>Die stellvertretende Zentralausschuss-Vorsitzende, Bisch\u00f6fin Mary Ann Swenson, unterstrich, dass die Verschiebung\u00a0 den Kirchen auch neue Chancen bieten w\u00fcrde: \u201eIch glaube, dass inmitten der COVID-19 Pandemie gemeinsam zu arbeiten und zu beten unsere Gemeinschaft, unsere Mitarbeitenden und alle unsere Mitgliedskirchen dazu bef\u00e4higen wird, das Thema der\u00a0 Vollversammlung\u00a0 in unserem Leben und in unserer Arbeit konkret wahrzunehmen: Christi Liebe bewegt, vers\u00f6hnt und eint die Welt.\u201c<\/p>\n<p>\u201eKarlsruhe bleibt in vieler Hinsicht ein idealer Ort f\u00fcr eine grenz\u00fcberschreitende \u00f6kumenische Versammlung mit einer europ\u00e4ischen Dimension\u201c, sagte Landesbischof Heinrich Bedford-Strohm, Vorsitzender des Rates der EKD, der zusammen mit den anderen gastgebenden Kirchen die Einladung auch f\u00fcr 2022 best\u00e4tigt hat. \u201eAber der wichtigste Grund, warum wir die Vollversammlung nach Europa einladen, ist, dass wir hoffen, etwas zu empfangen. Angesichts der Herausforderungen, denen wir uns auch in den kommenden Jahren werden stellen m\u00fcssen, kann dieses \u00f6kumenische Gro\u00dfereignis ein sichtbares Zeichen der einen Welt in Solidarit\u00e4t, Frieden und Gerechtigkeit sein.\u201c<\/p>\n<p>Der Landesbischof der Evangelischen Kirche in Baden, Jochen Cornelius-Bundschuh, meinte, er freue sich darauf, die gewonnene Zeit f\u00fcr die Zusammenarbeit mit allen Kirchen in der Region zu nutzen. \u201eLassen Sie uns weitergehen und uns von dem wunderbaren Thema inspirieren\u201c, sagte er.<\/p>\n<p>Die Einladung der Stadt Karlsruhe an den \u00d6RK habe selbstverst\u00e4ndlich auch f\u00fcr das Jahr 2022 Bestand, sagte der Oberb\u00fcrgermeister der Stadt Karlsruhe, Frank Mentrup. \u201eDie gesamte Stadtgesellschaft freut sich sehr, Kirchenvertreterinnen und -vertreter aus aller Welt\u00a0 bei uns in Karlsruhe willkommen zu hei\u00dfen \u2013 hier im Herzen Europas, in einer besonders geschichtstr\u00e4chtigen Region, wo aus Nachbarn l\u00e4ngst enge Freunde geworden sind, wo wir mit unseren Partnern diesseits und jenseits des Rheins, \u00fcber Grenzen hinweg, in Baden, der Pfalz, im Elsass und auch in der Schweiz, gemeinsam und freundschaftlich verbunden an einer lebenswerten Zukunft arbeiten. Die geschaffenen Strukturen bilden eine starke Basis f\u00fcr die kommenden Herausforderungen und f\u00fcr das Gelingen der \u00d6RK-Vollversammlung in Karlsruhe \u2013 auch im Jahr 2022.\u201c<\/p>\n<p>Ioan Sauca, Interims-Generalsekret\u00e4r des \u00d6kumenischen Rates der Kirchen, unterstrich: \u201eEine Menge kreatives Denken und harte Arbeit sind bereits in die Vorbereitungen f\u00fcr unsere n\u00e4chste Versammlung geflossen. Ich bin allen dankbar, die bislang schon dazu beigetragen haben, und ich bin zuversichtlich, dass durch unsere fortdauernde Zusammenarbeit, die Unterst\u00fctzung der Kirchen und Gottes Segen unsere elfte Vollversammlung noch intensiver zum Leben, Zeugnis und zur Spiritualit\u00e4t der Christen weltweit beitragen kann.\u201c<\/p>\n<p>Kontakt:<br \/>Marianne Ejdersten,<br \/>\u00d6RK Kommunikationsdirektorin, mej@wcc-coe.org,\u00a0 +41 79 507 6363.<br \/>oder<br \/>Claus Grue,<br \/>\u00d6RK Berater f\u00fcr Kommunikation und Medienkoordination, clg@wcc-coe.org, +46 70 611 0977.<\/p>\n<p>Pressestelle der Evangelischen Kirche in Deutschland (EKD)<br \/>Carsten Splitt, pressestelle@ekd.de, Tel. +49(511) 2796-264\/268<\/p>\n<p>Link zur Vollversammlung<br \/>https:\/\/www.oikoumene.org\/en\/about-us\/organizational-structure\/assembly\/karlsruhe<\/p>\n<p style=\"margin-bottom:0.0001pt; margin-left:0cm; margin-right:0cm; margin-top:0cm\">\u00a0<\/p>\n<p style=\"margin-bottom:0.0001pt; margin-left:0cm; margin-right:0cm; margin-top:0cm\">Ein Videobotschaft zur Verschiebung der 11. \u00d6RK-Vollversammlung finden Sie unter:<br \/>https:\/\/youtu.be\/E8ooQw10frc<\/p>\n<p>\u00a0<\/p>\n<p>Genf\/Hannover\/Karlsruhe, 3.Juni 2020<\/p>\n<p>Pressestelle der EKD<br \/>Carsten Splitt<\/p>\n<\/div>\n","protected":false},"excerpt":{"rendered":"<p>Der Exekutivausschuss des \u00d6kumenischen Rates der Kirchen (\u00d6RK) hat im Auftrag des Zentralausschusses und in enger Abstimmung mit der Evangelischen<\/p>\n","protected":false},"author":1,"featured_media":569,"comment_status":"closed","ping_status":"closed","sticky":false,"template":"","format":"standard","meta":{"footnotes":""},"categories":[20],"tags":[],"_links":{"self":[{"href":"https:\/\/krankenhauspfarramt.de\/index.php\/wp-json\/wp\/v2\/posts\/1454"}],"collection":[{"href":"https:\/\/krankenhauspfarramt.de\/index.php\/wp-json\/wp\/v2\/posts"}],"about":[{"href":"https:\/\/krankenhauspfarramt.de\/index.php\/wp-json\/wp\/v2\/types\/post"}],"author":[{"embeddable":true,"href":"https:\/\/krankenhauspfarramt.de\/index.php\/wp-json\/wp\/v2\/users\/1"}],"replies":[{"embeddable":true,"href":"https:\/\/krankenhauspfarramt.de\/index.php\/wp-json\/wp\/v2\/comments?post=1454"}],"version-history":[{"count":1,"href":"https:\/\/krankenhauspfarramt.de\/index.php\/wp-json\/wp\/v2\/posts\/1454\/revisions"}],"predecessor-version":[{"id":1455,"href":"https:\/\/krankenhauspfarramt.de\/index.php\/wp-json\/wp\/v2\/posts\/1454\/revisions\/1455"}],"wp:featuredmedia":[{"embeddable":true,"href":"https:\/\/krankenhauspfarramt.de\/index.php\/wp-json\/wp\/v2\/media\/569"}],"wp:attachment":[{"href":"https:\/\/krankenhauspfarramt.de\/index.php\/wp-json\/wp\/v2\/media?parent=1454"}],"wp:term":[{"taxonomy":"category","embeddable":true,"href":"https:\/\/krankenhauspfarramt.de\/index.php\/wp-json\/wp\/v2\/categories?post=1454"},{"taxonomy":"post_tag","embeddable":true,"href":"https:\/\/krankenhauspfarramt.de\/index.php\/wp-json\/wp\/v2\/tags?post=1454"}],"curies":[{"name":"wp","href":"https:\/\/api.w.org\/{rel}","templated":true}]}}