{"id":1469,"date":"2020-06-04T15:23:43","date_gmt":"2020-06-04T15:23:43","guid":{"rendered":"https:\/\/krankenhauspfarramt.de\/index.php\/2020\/06\/04\/umweltbeauftragte-der-evangelischen-kirchen-begruessen-corona-konjunkturpaket-ekd\/"},"modified":"2020-06-04T15:23:45","modified_gmt":"2020-06-04T15:23:45","slug":"umweltbeauftragte-der-evangelischen-kirchen-begruessen-corona-konjunkturpaket-ekd","status":"publish","type":"post","link":"https:\/\/krankenhauspfarramt.de\/index.php\/2020\/06\/04\/umweltbeauftragte-der-evangelischen-kirchen-begruessen-corona-konjunkturpaket-ekd\/","title":{"rendered":"Umweltbeauftragte der evangelischen Kirchen begr\u00fc\u00dfen Corona-Konjunkturpaket \u2013 EKD"},"content":{"rendered":"<p> <br \/>\n<\/p>\n<div id=\"\">\n<p>Die Umweltbeauftragten der EKD, der evangelischen Landeskirchen und die Referentin f\u00fcr Nachhaltigkeit der Evangelischen Kirche in Deutschland (EKD), Ruth G\u00fctter, begr\u00fc\u00dfen das gestern von der Gro\u00dfen Koalition beschlossene Corona-Konjunkturpaket. Es trage dem Einstieg in den noch ausstehenden sozial-\u00f6kologischen Umbau der Wirtschaft gro\u00dfenteils Rechnung und mache damit \u201eLust auf Zukunft\u201c. \u201eDas Vorw\u00e4rts nach Corona darf kein R\u00fcckw\u00e4rts sein\u201c, sagt Wolfgang Sch\u00fcrger, Sprecher der Umweltbeauftragten in den evangelischen Landeskirchen. \u201eDeshalb ist es gut, dass auf Kaufanreize f\u00fcr Diesel und Benziner verzichtet wurde.\u201c<\/p>\n<p>Rettungspakete f\u00fcr Fluggesellschaften und Reiseunternehmen ohne Klimaschutzkonditionen sind nach Auffassung des Umweltbeauftragten der EKD, Hans Diefenbacher, jedoch nur schwer mit Klimaschutzzielen zu vereinbaren. \u201eJetzt ist die Zeit, etwas f\u00fcr das Klima zu bewirken!\u201c, forderten daher die kirchlichen Umwelt- und Nachhaltigkeitsbeauftragten. Sonst m\u00fcssen zuk\u00fcnftige Generationen eine mehrfache B\u00fcrde tragen: die Schulden, welche jetzt aufgenommen werden, und die Last des Klimawandels und der \u00dcbernutzung der nat\u00fcrlichen Lebensgrundlagen. Ein Zur\u00fcck zur Normalit\u00e4t muss auch ein Vorw\u00e4rts zu mehr Nachhaltigkeit einleiten.<\/p>\n<p>\u201e\u00c4ndert euch und ihr werdet leben\u201c, dieses Wort aus Hesekiel 18,32 gelte auch f\u00fcr uns heute und erinnere uns daran, dass f\u00fcr eine lebenswerte Zukunft alle in Politik, Wirtschaft, Kirche und Gesellschaft aufgerufen sind, ihr Denken und Handeln zu ver\u00e4ndern. \u201eDie Zeit nach Corona wird nicht sein wie vorher, weil dieses Vorher vor Corona auch schon keine Zukunft hatte\u201c so Ruth G\u00fctter.<\/p>\n<p>Hannover, 04. Juni 2020<\/p>\n<p>Pressestelle der EKD<\/p>\n<\/div>\n","protected":false},"excerpt":{"rendered":"<p>Die Umweltbeauftragten der EKD, der evangelischen Landeskirchen und die Referentin f\u00fcr Nachhaltigkeit der Evangelischen Kirche in Deutschland (EKD), Ruth G\u00fctter,<\/p>\n","protected":false},"author":1,"featured_media":677,"comment_status":"closed","ping_status":"closed","sticky":false,"template":"","format":"standard","meta":{"footnotes":""},"categories":[20],"tags":[],"_links":{"self":[{"href":"https:\/\/krankenhauspfarramt.de\/index.php\/wp-json\/wp\/v2\/posts\/1469"}],"collection":[{"href":"https:\/\/krankenhauspfarramt.de\/index.php\/wp-json\/wp\/v2\/posts"}],"about":[{"href":"https:\/\/krankenhauspfarramt.de\/index.php\/wp-json\/wp\/v2\/types\/post"}],"author":[{"embeddable":true,"href":"https:\/\/krankenhauspfarramt.de\/index.php\/wp-json\/wp\/v2\/users\/1"}],"replies":[{"embeddable":true,"href":"https:\/\/krankenhauspfarramt.de\/index.php\/wp-json\/wp\/v2\/comments?post=1469"}],"version-history":[{"count":1,"href":"https:\/\/krankenhauspfarramt.de\/index.php\/wp-json\/wp\/v2\/posts\/1469\/revisions"}],"predecessor-version":[{"id":1470,"href":"https:\/\/krankenhauspfarramt.de\/index.php\/wp-json\/wp\/v2\/posts\/1469\/revisions\/1470"}],"wp:featuredmedia":[{"embeddable":true,"href":"https:\/\/krankenhauspfarramt.de\/index.php\/wp-json\/wp\/v2\/media\/677"}],"wp:attachment":[{"href":"https:\/\/krankenhauspfarramt.de\/index.php\/wp-json\/wp\/v2\/media?parent=1469"}],"wp:term":[{"taxonomy":"category","embeddable":true,"href":"https:\/\/krankenhauspfarramt.de\/index.php\/wp-json\/wp\/v2\/categories?post=1469"},{"taxonomy":"post_tag","embeddable":true,"href":"https:\/\/krankenhauspfarramt.de\/index.php\/wp-json\/wp\/v2\/tags?post=1469"}],"curies":[{"name":"wp","href":"https:\/\/api.w.org\/{rel}","templated":true}]}}