{"id":1471,"date":"2020-06-05T10:38:34","date_gmt":"2020-06-05T10:38:34","guid":{"rendered":"https:\/\/krankenhauspfarramt.de\/index.php\/2020\/06\/05\/auslandsbischoefin-besorgt-ueber-spaltung-in-den-usa\/"},"modified":"2020-06-05T10:38:35","modified_gmt":"2020-06-05T10:38:35","slug":"auslandsbischoefin-besorgt-ueber-spaltung-in-den-usa","status":"publish","type":"post","link":"https:\/\/krankenhauspfarramt.de\/index.php\/2020\/06\/05\/auslandsbischoefin-besorgt-ueber-spaltung-in-den-usa\/","title":{"rendered":"Auslandsbisch\u00f6fin besorgt \u00fcber Spaltung in den USA"},"content":{"rendered":"<p> <br \/>\n<br \/>Die Auslandsbisch\u00f6fin der EKD, Petra Bosse-Huber, ist besorgt \u00fcber den tiefverwurzelten Rassismus und die gesellschaftliche Spaltung in den USA ge\u00e4u\u00dfert. In ihren Solidarit\u00e4tsschreiben der EKD an ihre Partnerkirchen in den USA \u00e4u\u00dfert sie: \u201eWir m\u00f6chten Sie wissen lassen, dass wir in Ihrem Einsatz f\u00fcr die \u201aBlack Lives Matter-Bewegung\u2018 an Ihrer Seite sind.\u201c<\/p>\n","protected":false},"excerpt":{"rendered":"<p>Die Auslandsbisch\u00f6fin der EKD, Petra Bosse-Huber, ist besorgt \u00fcber den tiefverwurzelten Rassismus und die gesellschaftliche Spaltung in den USA ge\u00e4u\u00dfert.<\/p>\n","protected":false},"author":1,"featured_media":677,"comment_status":"closed","ping_status":"closed","sticky":false,"template":"","format":"standard","meta":{"footnotes":""},"categories":[20],"tags":[],"_links":{"self":[{"href":"https:\/\/krankenhauspfarramt.de\/index.php\/wp-json\/wp\/v2\/posts\/1471"}],"collection":[{"href":"https:\/\/krankenhauspfarramt.de\/index.php\/wp-json\/wp\/v2\/posts"}],"about":[{"href":"https:\/\/krankenhauspfarramt.de\/index.php\/wp-json\/wp\/v2\/types\/post"}],"author":[{"embeddable":true,"href":"https:\/\/krankenhauspfarramt.de\/index.php\/wp-json\/wp\/v2\/users\/1"}],"replies":[{"embeddable":true,"href":"https:\/\/krankenhauspfarramt.de\/index.php\/wp-json\/wp\/v2\/comments?post=1471"}],"version-history":[{"count":1,"href":"https:\/\/krankenhauspfarramt.de\/index.php\/wp-json\/wp\/v2\/posts\/1471\/revisions"}],"predecessor-version":[{"id":1472,"href":"https:\/\/krankenhauspfarramt.de\/index.php\/wp-json\/wp\/v2\/posts\/1471\/revisions\/1472"}],"wp:featuredmedia":[{"embeddable":true,"href":"https:\/\/krankenhauspfarramt.de\/index.php\/wp-json\/wp\/v2\/media\/677"}],"wp:attachment":[{"href":"https:\/\/krankenhauspfarramt.de\/index.php\/wp-json\/wp\/v2\/media?parent=1471"}],"wp:term":[{"taxonomy":"category","embeddable":true,"href":"https:\/\/krankenhauspfarramt.de\/index.php\/wp-json\/wp\/v2\/categories?post=1471"},{"taxonomy":"post_tag","embeddable":true,"href":"https:\/\/krankenhauspfarramt.de\/index.php\/wp-json\/wp\/v2\/tags?post=1471"}],"curies":[{"name":"wp","href":"https:\/\/api.w.org\/{rel}","templated":true}]}}