{"id":1474,"date":"2020-06-08T13:46:09","date_gmt":"2020-06-08T13:46:09","guid":{"rendered":"https:\/\/krankenhauspfarramt.de\/index.php\/2020\/06\/08\/kirchliche-jugend-will-kreative-sommerferien-organisieren-ekd\/"},"modified":"2020-06-08T13:46:12","modified_gmt":"2020-06-08T13:46:12","slug":"kirchliche-jugend-will-kreative-sommerferien-organisieren-ekd","status":"publish","type":"post","link":"https:\/\/krankenhauspfarramt.de\/index.php\/2020\/06\/08\/kirchliche-jugend-will-kreative-sommerferien-organisieren-ekd\/","title":{"rendered":"Kirchliche Jugend will kreative Sommerferien organisieren \u2013 EKD"},"content":{"rendered":"<p> <br \/>\n<\/p>\n<div id=\"\">\n<p>Hannover (epd).\u00a0Evangelische Jugendverb\u00e4nde ermuntern Helfer, kreative und abwechslungsreiche Sommerferien f\u00fcr Kinder und Jugendliche zu organisieren. Zu diesem Zweck starten sie die Kampagne &#8222;Wir sind #zukunftsrelevant&#8220;, wie die Arbeitsgemeinschaft der Evangelischen Jugend in Deutschland (aej) am Montag in Hannover mitteilte. Trotz Corona solle der Sommer aktiv, fr\u00f6hlich, bunt und unvergesslich sein. Mitarbeiter aus der evangelischen Kinder- und Jugendarbeit und der evangelischen Jugendsozialarbeit k\u00f6nnten in den Ferien dazu einen entscheidenden Beitrag leisten.<\/p>\n<p>M\u00f6glich seien Freizeiten im Garten, Schnitzeljagden, Stadtrallyes, Fahrrad- und Kanutouren oder Jugendgottesdienste. Bei den Planungen w\u00fcrden Hygienestandards und Sicherheitsregeln strikt eingehalten, betonte aej-Generalsekret\u00e4r Mike Corsa. &#8222;Evangelische Kinder- und Jugendarbeit begegnet den Herausforderungen der Corona-Krise einfallsreich, risikobewusst und leistungsf\u00e4hig.&#8220; In der aej sind 33 evangelische Jugendverb\u00e4nde und Jugendwerke zusammengeschlossen, denen rund 1,35 Millionen junge Menschen angeh\u00f6ren.<\/p>\n<p>Schon jetzt w\u00fcrden vielf\u00e4ltige Aktionen an verschiedenen Standorten entwickelt, hie\u00df es. Die Zeit daf\u00fcr sei reif, denn Kinder und Jugendliche wollten endlich raus: &#8222;Raus aus der heimischen Enge. Raus aus dem Stress mit Eltern und Lehrern. Raus zu ihren Freundinnen und Freunden.&#8220; An dem Aufruf beteiligt sich auch die Bundesarbeitsgemeinschaft Evangelische Jugendsozialarbeit. Deren Aufgabenfeld umfasst sozialp\u00e4dagogische Angebote zur F\u00f6rderung von Ausbildung, Arbeit und sozialer Integration.<\/p>\n<\/div>\n","protected":false},"excerpt":{"rendered":"<p>Hannover (epd).\u00a0Evangelische Jugendverb\u00e4nde ermuntern Helfer, kreative und abwechslungsreiche Sommerferien f\u00fcr Kinder und Jugendliche zu organisieren. Zu diesem Zweck starten sie<\/p>\n","protected":false},"author":1,"featured_media":1475,"comment_status":"closed","ping_status":"closed","sticky":false,"template":"","format":"standard","meta":{"footnotes":""},"categories":[20],"tags":[],"_links":{"self":[{"href":"https:\/\/krankenhauspfarramt.de\/index.php\/wp-json\/wp\/v2\/posts\/1474"}],"collection":[{"href":"https:\/\/krankenhauspfarramt.de\/index.php\/wp-json\/wp\/v2\/posts"}],"about":[{"href":"https:\/\/krankenhauspfarramt.de\/index.php\/wp-json\/wp\/v2\/types\/post"}],"author":[{"embeddable":true,"href":"https:\/\/krankenhauspfarramt.de\/index.php\/wp-json\/wp\/v2\/users\/1"}],"replies":[{"embeddable":true,"href":"https:\/\/krankenhauspfarramt.de\/index.php\/wp-json\/wp\/v2\/comments?post=1474"}],"version-history":[{"count":1,"href":"https:\/\/krankenhauspfarramt.de\/index.php\/wp-json\/wp\/v2\/posts\/1474\/revisions"}],"predecessor-version":[{"id":1476,"href":"https:\/\/krankenhauspfarramt.de\/index.php\/wp-json\/wp\/v2\/posts\/1474\/revisions\/1476"}],"wp:featuredmedia":[{"embeddable":true,"href":"https:\/\/krankenhauspfarramt.de\/index.php\/wp-json\/wp\/v2\/media\/1475"}],"wp:attachment":[{"href":"https:\/\/krankenhauspfarramt.de\/index.php\/wp-json\/wp\/v2\/media?parent=1474"}],"wp:term":[{"taxonomy":"category","embeddable":true,"href":"https:\/\/krankenhauspfarramt.de\/index.php\/wp-json\/wp\/v2\/categories?post=1474"},{"taxonomy":"post_tag","embeddable":true,"href":"https:\/\/krankenhauspfarramt.de\/index.php\/wp-json\/wp\/v2\/tags?post=1474"}],"curies":[{"name":"wp","href":"https:\/\/api.w.org\/{rel}","templated":true}]}}