{"id":1477,"date":"2020-06-08T15:58:11","date_gmt":"2020-06-08T15:58:11","guid":{"rendered":"https:\/\/krankenhauspfarramt.de\/index.php\/2020\/06\/08\/wie-einrichtungen-fuer-menschen-mit-behinderung-die-krise-meistern\/"},"modified":"2020-06-08T15:58:11","modified_gmt":"2020-06-08T15:58:11","slug":"wie-einrichtungen-fuer-menschen-mit-behinderung-die-krise-meistern","status":"publish","type":"post","link":"https:\/\/krankenhauspfarramt.de\/index.php\/2020\/06\/08\/wie-einrichtungen-fuer-menschen-mit-behinderung-die-krise-meistern\/","title":{"rendered":"Wie Einrichtungen f\u00fcr Menschen mit Behinderung die Krise meistern"},"content":{"rendered":"<p> <br \/>\n<br \/>Wegen Corona d\u00fcrfen sie seit zwei Monaten nicht mehr arbeiten: Menschen mit Behinderung, die in Werkst\u00e4tten besch\u00e4ftigt sind und in Wohngruppen leben. Doch nun d\u00fcrfen Angeh\u00f6rige wieder zu Besuch kommen, und die Arbeitsst\u00e4tten \u00f6ffnen wieder.<\/p>\n","protected":false},"excerpt":{"rendered":"<p>Wegen Corona d\u00fcrfen sie seit zwei Monaten nicht mehr arbeiten: Menschen mit Behinderung, die in Werkst\u00e4tten besch\u00e4ftigt sind und in<\/p>\n","protected":false},"author":1,"featured_media":0,"comment_status":"closed","ping_status":"closed","sticky":false,"template":"","format":"standard","meta":{"footnotes":""},"categories":[20],"tags":[],"_links":{"self":[{"href":"https:\/\/krankenhauspfarramt.de\/index.php\/wp-json\/wp\/v2\/posts\/1477"}],"collection":[{"href":"https:\/\/krankenhauspfarramt.de\/index.php\/wp-json\/wp\/v2\/posts"}],"about":[{"href":"https:\/\/krankenhauspfarramt.de\/index.php\/wp-json\/wp\/v2\/types\/post"}],"author":[{"embeddable":true,"href":"https:\/\/krankenhauspfarramt.de\/index.php\/wp-json\/wp\/v2\/users\/1"}],"replies":[{"embeddable":true,"href":"https:\/\/krankenhauspfarramt.de\/index.php\/wp-json\/wp\/v2\/comments?post=1477"}],"version-history":[{"count":0,"href":"https:\/\/krankenhauspfarramt.de\/index.php\/wp-json\/wp\/v2\/posts\/1477\/revisions"}],"wp:attachment":[{"href":"https:\/\/krankenhauspfarramt.de\/index.php\/wp-json\/wp\/v2\/media?parent=1477"}],"wp:term":[{"taxonomy":"category","embeddable":true,"href":"https:\/\/krankenhauspfarramt.de\/index.php\/wp-json\/wp\/v2\/categories?post=1477"},{"taxonomy":"post_tag","embeddable":true,"href":"https:\/\/krankenhauspfarramt.de\/index.php\/wp-json\/wp\/v2\/tags?post=1477"}],"curies":[{"name":"wp","href":"https:\/\/api.w.org\/{rel}","templated":true}]}}