{"id":1512,"date":"2020-06-11T17:12:10","date_gmt":"2020-06-11T17:12:10","guid":{"rendered":"https:\/\/krankenhauspfarramt.de\/index.php\/2020\/06\/11\/zusammenstehen-gegen-rassismus-ekd\/"},"modified":"2020-06-11T17:12:12","modified_gmt":"2020-06-11T17:12:12","slug":"zusammenstehen-gegen-rassismus-ekd","status":"publish","type":"post","link":"https:\/\/krankenhauspfarramt.de\/index.php\/2020\/06\/11\/zusammenstehen-gegen-rassismus-ekd\/","title":{"rendered":"Zusammenstehen gegen Rassismus \u2013 EKD"},"content":{"rendered":"<p> <br \/>\n<\/p>\n<div id=\"\">\n<div class=\"article--meta article--meta__border clearfix\">\n<p>                                    <time datetime=\"11.06.2020 15:00\" class=\"article--time\">11.06.2020<\/time><strong class=\"article--type primus--overline\">Pressemitteilung<\/strong><\/p>\n<p><a href=\"https:\/\/www.ekd.de\/index.htm\" class=\"article--source\" target=\"_blank\" rel=\"noopener noreferrer\"><\/p>\n<picture class=\"article--source-image image\"><source srcset=\"\/ekd_de\/ds_img\/assets\/20170622_ekd-Quellenlogo_141.png\"><!--<source srcset=\"\/ekd_de\/ds_img\/assets\/20170622_ekd-Quellenlogo_141_rdax_141x59.png 1x, \/ekd_de\/ds_img\/assets\/20170622_ekd-Quellenlogo_141_rdax_282x118.png 2x, \/ekd_de\/ds_img\/assets\/20170622_ekd-Quellenlogo_141.png 3x\">--><\/source><\/picture><\/a><\/p><\/div>\n<h2 class=\"article--sub-headline primus--sub-headline\">Spitzengespr\u00e4ch zwischen Koordinationsrat der Muslime und der EKD<\/h2>\n<\/p><\/div>\n<div id=\"\">\n<p style=\"margin-bottom:0.0001pt; margin-left:0cm; margin-right:0cm; margin-top:0cm\">Mit einem stillen Gebet f\u00fcr die Opfer von Rassismus und Hass ging heute das Spitzengespr\u00e4ch zwischen Vertreterinnen und Vertretern des Koordinationsrates der Muslime (KRM) und der Evangelischen Kirche in Deutschland (EKD) zu Ende. Das Treffen fand aufgrund der Corona-Pandemie per Videokonferenz statt. Die j\u00fcngsten Proteste gegen Rassismus wurden als Teil einer gr\u00f6\u00dferen Anti-Rassismus-Debatte begr\u00fc\u00dft, die dringend notwendig sei.<\/p>\n<p style=\"margin-bottom:0.0001pt; margin-left:0cm; margin-right:0cm; margin-top:0cm\">\u00a0<\/p>\n<p style=\"margin-bottom:0.0001pt; margin-left:0cm; margin-right:0cm; margin-top:0cm\">Der Umgang mit menschenfeindlichen Angriffen, wie etwa die Attacke auf die Synagoge in Halle oder die Angriffe in Hanau, stand im Fokus der Gespr\u00e4che. Einigkeit bestand darin, dass die klare und eindeutige Ablehnung von religionsfeindlichen bzw. rassistischen Taten zum Ausdruck gebracht werden m\u00fcsse, w\u00e4hrend gleichzeitig den T\u00e4tern durch religi\u00f6se und mediale Reaktionen keine zus\u00e4tzliche B\u00fchne einger\u00e4umt werden d\u00fcrfe. \u201eHier sind noch mehr Anstrengungen erforderlich f\u00fcr eine breite gesamtgesellschaftliche Solidarit\u00e4t\u201c, sagte KRM-Sprecher Burhan Kesici. \u201ePopulismus, Extremismus und allen Verschw\u00f6rungsideen ist entschieden entgegenzutreten, aber auch in den Religionen selbst muss jeglicher Herabsetzung Anderer Einhalt geboten werden\u201c, f\u00fcgte der Ratsvorsitzende der EKD, Landesbischof Heinrich Bedford-Strohm, hinzu. H\u00e4ufig seien religionsfeindliche und rassistische Motive der T\u00e4ter nicht voneinander zu trennen.<\/p>\n<p style=\"margin-bottom:0.0001pt; margin-left:0cm; margin-right:0cm; margin-top:0cm\">\u00a0<\/p>\n<p style=\"margin-bottom:0.0001pt; margin-left:0cm; margin-right:0cm; margin-top:0cm\">In dem Gespr\u00e4ch ging es zudem neben praktischen Fragen bei der Durchf\u00fchrung von Gottesdiensten und Gebeten auch um die theologisch-spirituelle Dimension der aktuellen Krise. Die gegenw\u00e4rtigen Belastungen wurden dabei als Bew\u00e4hrungsprobe f\u00fcr den Glauben gewertet. \u201eDas Virus macht auch vor den Religionsgemeinschaften nicht halt und unterscheidet nicht zwischen Christen und Muslimen\u201c sagte Kesici. \u201eInsofern stehen wir, ob Christ oder Muslim, auch vor denselben Herausforderungen, wenn es um die Einschr\u00e4nkungen bei der gewohnten Religionsaus\u00fcbung geht\u201c, erg\u00e4nzte Bedford-Strohm. Gemeinsam betonten die Teilnehmenden, dass der Umgang mit Religionsfreiheit immer auch Verantwortung f\u00fcr den Mitmenschen einschlie\u00dfe.<\/p>\n<p style=\"margin-bottom:0.0001pt; margin-left:0cm; margin-right:0cm; margin-top:0cm\">\u00a0<\/p>\n<p style=\"margin-bottom:0.0001pt; margin-left:0cm; margin-right:0cm; margin-top:0cm\">Einig waren sich beide Seiten, dass es Aufgabe der Religionen sei, die Menschen in ihren jeweiligen Notlagen zu unterst\u00fctzen und zu begleiten. Gleichzeitig h\u00e4tten sie die Aufgabe, durch religions\u00fcbergreifende Kooperation zum gesellschaftlichen Zusammenhalt beizutragen. Gottes Liebe, Barmherzigkeit und Gerechtigkeit umfasse alle Menschen, ungeachtet ihrer Abstammung, Hautfarbe, Herkunft, Glaubenszugeh\u00f6rigkeit oder ihrer sozialen oder gesellschaftlichen Stellung. Daraus folge auch der Einsatz f\u00fcr Bed\u00fcrftige und Schwache.<\/p>\n<p style=\"margin-bottom:0.0001pt; margin-left:0cm; margin-right:0cm; margin-top:0cm\">\u00a0<\/p>\n<p style=\"margin-bottom:0.0001pt; margin-left:0cm; margin-right:0cm; margin-top:0cm\">Zum Koordinationsrat der Muslime geh\u00f6ren seit 2019 neben DITIB, Islamrat, VIKZ und ZMD auch die Union der Islamisch-Albanischen Zentren (UIAZD) und der Zentralrat der Marokkaner (ZRMD).<\/p>\n<p style=\"margin-bottom:0.0001pt; margin-left:0cm; margin-right:0cm; margin-top:0cm\">\u00a0<\/p>\n<p class=\"EKDFlietext\" style=\"margin-bottom:0.0001pt; margin-left:0cm; margin-right:0cm; margin-top:0cm\">Hannover, 11. Juni 2020<\/p>\n<p class=\"EKDFlietext\" style=\"margin-bottom:0.0001pt; margin-left:0cm; margin-right:0cm; margin-top:0cm\">\u00a0<\/p>\n<p class=\"EKDFlietext\" style=\"margin-bottom:0.0001pt; margin-left:0cm; margin-right:0cm; margin-top:0cm\">Pressestelle der EKD<\/p>\n<p class=\"EKDFlietext\" style=\"margin-bottom:0.0001pt; margin-left:0cm; margin-right:0cm; margin-top:0cm\">Carsten Splitt<\/p>\n<\/div>\n","protected":false},"excerpt":{"rendered":"<p>11.06.2020Pressemitteilung Spitzengespr\u00e4ch zwischen Koordinationsrat der Muslime und der EKD Mit einem stillen Gebet f\u00fcr die Opfer von Rassismus und Hass<\/p>\n","protected":false},"author":1,"featured_media":569,"comment_status":"closed","ping_status":"closed","sticky":false,"template":"","format":"standard","meta":{"footnotes":""},"categories":[20],"tags":[],"_links":{"self":[{"href":"https:\/\/krankenhauspfarramt.de\/index.php\/wp-json\/wp\/v2\/posts\/1512"}],"collection":[{"href":"https:\/\/krankenhauspfarramt.de\/index.php\/wp-json\/wp\/v2\/posts"}],"about":[{"href":"https:\/\/krankenhauspfarramt.de\/index.php\/wp-json\/wp\/v2\/types\/post"}],"author":[{"embeddable":true,"href":"https:\/\/krankenhauspfarramt.de\/index.php\/wp-json\/wp\/v2\/users\/1"}],"replies":[{"embeddable":true,"href":"https:\/\/krankenhauspfarramt.de\/index.php\/wp-json\/wp\/v2\/comments?post=1512"}],"version-history":[{"count":1,"href":"https:\/\/krankenhauspfarramt.de\/index.php\/wp-json\/wp\/v2\/posts\/1512\/revisions"}],"predecessor-version":[{"id":1513,"href":"https:\/\/krankenhauspfarramt.de\/index.php\/wp-json\/wp\/v2\/posts\/1512\/revisions\/1513"}],"wp:featuredmedia":[{"embeddable":true,"href":"https:\/\/krankenhauspfarramt.de\/index.php\/wp-json\/wp\/v2\/media\/569"}],"wp:attachment":[{"href":"https:\/\/krankenhauspfarramt.de\/index.php\/wp-json\/wp\/v2\/media?parent=1512"}],"wp:term":[{"taxonomy":"category","embeddable":true,"href":"https:\/\/krankenhauspfarramt.de\/index.php\/wp-json\/wp\/v2\/categories?post=1512"},{"taxonomy":"post_tag","embeddable":true,"href":"https:\/\/krankenhauspfarramt.de\/index.php\/wp-json\/wp\/v2\/tags?post=1512"}],"curies":[{"name":"wp","href":"https:\/\/api.w.org\/{rel}","templated":true}]}}