{"id":1514,"date":"2020-06-12T13:36:02","date_gmt":"2020-06-12T13:36:02","guid":{"rendered":"https:\/\/krankenhauspfarramt.de\/index.php\/2020\/06\/12\/kontrollverlust-und-gottvertrauen-ekd\/"},"modified":"2020-06-12T13:36:03","modified_gmt":"2020-06-12T13:36:03","slug":"kontrollverlust-und-gottvertrauen-ekd","status":"publish","type":"post","link":"https:\/\/krankenhauspfarramt.de\/index.php\/2020\/06\/12\/kontrollverlust-und-gottvertrauen-ekd\/","title":{"rendered":"Kontrollverlust und Gottvertrauen \u2013 EKD"},"content":{"rendered":"<p> <br \/>\n<\/p>\n<div id=\"\">\n<div class=\"article--meta article--meta__border clearfix\">\n<p>                                    <time datetime=\"12.06.2020 14:00\" class=\"article--time\">12.06.2020<\/time><strong class=\"article--type primus--overline\">Pressemitteilung<\/strong><\/p>\n<p><a href=\"http:\/\/www.velkd.de\/\" class=\"article--source\" target=\"_blank\" rel=\"noopener noreferrer\"><\/p>\n<picture class=\"article--source-image image\"><source srcset=\"\/ekd_de\/ds_img\/assets\/velkd.jpg\"><!--<source srcset=\"\/ekd_de\/ds_img\/assets\/velkd_rdax_141x141.jpg 1x, \/ekd_de\/ds_img\/assets\/velkd_rdax_282x282.jpg 2x, \/ekd_de\/ds_img\/assets\/velkd.jpg 3x\">--><\/source><\/picture><\/a><\/p><\/div>\n<h2 class=\"article--sub-headline primus--sub-headline\">\u201eTexte aus der VELKD\u201c zum Beitrag der Theologie zur Deutung der Corona-Pandemie<\/h2>\n<\/p><\/div>\n<div id=\"\">\n<p style=\"margin-bottom:0.0001pt; margin-left:0cm; margin-right:0cm; margin-top:0cm\">Die Folgen der Ausbreitung des Coronavirus sind tief in unseren Alltag eingedrungen: Industrie und Handwerk wie das \u00f6ffentliche Leben insgesamt sind weiterhin stark eingeschr\u00e4nkt. Das schafft gesamtgesellschaftlich ein hohes Ma\u00df von Angst und Verunsicherung und fordert auch die Kirchen in besonderer Weise heraus. Wie l\u00e4sst sich diese Zeit der Pandemie einordnen und deuten? Und was k\u00f6nnte der spezielle Beitrag der Kirchen dazu sein? Diese und andere Fragen werden seit Ausbruch der Corona-Krise kirchenintern und auch medial breit diskutiert.<\/p>\n<p style=\"margin-bottom:0.0001pt; margin-left:0cm; margin-right:0cm; margin-top:0cm\">\u00a0<\/p>\n<p style=\"margin-bottom:0.0001pt; margin-left:0cm; margin-right:0cm; margin-top:0cm\">Mit ihrem Aufsatz \u201eKontrollverlust und Gottvertrauen \u2013 Corona und der Beitrag der Theologie\u201c (\u201eTexte aus der VELKD\u201c Nr. 186) reflektieren Landesbischof Dr.\u00a0Karl-Hinrich Manzke und Pastor Lutz Gr\u00e4ber (beide B\u00fcckeburg) den aktuellen Stand der Debatte und beteiligen sich daran mit einer eigenen theologischen Deutung.<\/p>\n<p style=\"margin-bottom:0.0001pt; margin-left:0cm; margin-right:0cm; margin-top:0cm\">\u00a0<\/p>\n<p style=\"margin-bottom:0.0001pt; margin-left:0cm; margin-right:0cm; margin-top:0cm\">Ihr Beitrag zeichne sich dadurch aus, dass er zun\u00e4chst verschiedene g\u00e4ngige Deutungsangebote diskutiert und anschlie\u00dfend im R\u00fcckgriff auf Martin Luther und Gottfried Wilhelm Leibniz unterschiedliche Zug\u00e4nge, Glaube, Vernunft und Daseinsdeutung aufeinander zu beziehen, darstellt, schreibt der Leiter des Amtsbereichs der VELKD, Vizepr\u00e4sident Dr. Horst Gorski, in seinem Editorial.<\/p>\n<p style=\"margin-bottom:0.0001pt; margin-left:0cm; margin-right:0cm; margin-top:0cm\">\u201eKonkret schlagen die Autoren schlie\u00dflich vor, den Beitrag des christlichen Glaubens in einem Selbstvertrauen zu sehen, das durch Gottvertrauen gehalten wird und einem Verst\u00e4ndnis menschlicher Freiheit als Freiheit zur Selbstbeschr\u00e4nkung und Selbstkritik\u201c, so Gorski weiter. Eine solche Haltung k\u00f6nne es erm\u00f6glichen, \u201emit den Herausforderungen der Pandemie umzugehen und auch ihre Hintergr\u00fcnde \u2013 die mit unserer Art, zu leben, zu wirtschaften, zu reisen, zu konsumieren usw. zu tun haben \u2013 selbstkritisch zu reflektieren.\u201c<\/p>\n<p style=\"margin-bottom:0.0001pt; margin-left:0cm; margin-right:0cm; margin-top:0cm\">\u00a0<\/p>\n<p style=\"margin-bottom:0.0001pt; margin-left:0cm; margin-right:0cm; margin-top:0cm\">Hinweis: Die Ausgabe 186 der \u201eTexte aus der VELKD\u201c mit dem Beitrag von Landesbischof Dr. Karl-Hinrich Manzke und Pastor Lutz Gr\u00e4ber kann unter <em><span style=\"letter-spacing:.3pt\">www.velkd.de\/velkd-texte-186-Kontrollverlust-Gottvertrauen-Corona-und-Theologie<\/span><\/em> heruntergeladen werden. Die Reihe \u201eTexte aus der VELKD\u201c k\u00f6nnen Sie unter <em>texte-vi@velkd.de<\/em> abonnieren.<\/p>\n<p style=\"margin-bottom:0.0001pt; margin-left:0cm; margin-right:0cm; margin-top:0cm\">\u00a0<\/p>\n<p style=\"margin-bottom:0.0001pt; margin-left:0cm; margin-right:0cm; margin-top:0cm\">Hannover, 12. Juni 2020<\/p>\n<p style=\"margin-bottom:0.0001pt; margin-left:0cm; margin-right:0cm; margin-top:0cm\">\u00a0<\/p>\n<p style=\"margin-bottom:0.0001pt; margin-left:0cm; margin-right:0cm; margin-top:0cm\">Pressestelle der VELKD<\/p>\n<p style=\"margin-bottom:0.0001pt; margin-left:0cm; margin-right:0cm; margin-top:0cm\">Gundolf Holfert<\/p>\n<\/div>\n","protected":false},"excerpt":{"rendered":"<p>12.06.2020Pressemitteilung \u201eTexte aus der VELKD\u201c zum Beitrag der Theologie zur Deutung der Corona-Pandemie Die Folgen der Ausbreitung des Coronavirus sind<\/p>\n","protected":false},"author":1,"featured_media":611,"comment_status":"closed","ping_status":"closed","sticky":false,"template":"","format":"standard","meta":{"footnotes":""},"categories":[20],"tags":[],"_links":{"self":[{"href":"https:\/\/krankenhauspfarramt.de\/index.php\/wp-json\/wp\/v2\/posts\/1514"}],"collection":[{"href":"https:\/\/krankenhauspfarramt.de\/index.php\/wp-json\/wp\/v2\/posts"}],"about":[{"href":"https:\/\/krankenhauspfarramt.de\/index.php\/wp-json\/wp\/v2\/types\/post"}],"author":[{"embeddable":true,"href":"https:\/\/krankenhauspfarramt.de\/index.php\/wp-json\/wp\/v2\/users\/1"}],"replies":[{"embeddable":true,"href":"https:\/\/krankenhauspfarramt.de\/index.php\/wp-json\/wp\/v2\/comments?post=1514"}],"version-history":[{"count":1,"href":"https:\/\/krankenhauspfarramt.de\/index.php\/wp-json\/wp\/v2\/posts\/1514\/revisions"}],"predecessor-version":[{"id":1515,"href":"https:\/\/krankenhauspfarramt.de\/index.php\/wp-json\/wp\/v2\/posts\/1514\/revisions\/1515"}],"wp:featuredmedia":[{"embeddable":true,"href":"https:\/\/krankenhauspfarramt.de\/index.php\/wp-json\/wp\/v2\/media\/611"}],"wp:attachment":[{"href":"https:\/\/krankenhauspfarramt.de\/index.php\/wp-json\/wp\/v2\/media?parent=1514"}],"wp:term":[{"taxonomy":"category","embeddable":true,"href":"https:\/\/krankenhauspfarramt.de\/index.php\/wp-json\/wp\/v2\/categories?post=1514"},{"taxonomy":"post_tag","embeddable":true,"href":"https:\/\/krankenhauspfarramt.de\/index.php\/wp-json\/wp\/v2\/tags?post=1514"}],"curies":[{"name":"wp","href":"https:\/\/api.w.org\/{rel}","templated":true}]}}