{"id":1524,"date":"2020-06-15T20:13:39","date_gmt":"2020-06-15T20:13:39","guid":{"rendered":"https:\/\/krankenhauspfarramt.de\/index.php\/2020\/06\/15\/wechsel-an-der-spitze-des-evangelischen-werks-fuer-diakonie-und-entwicklung-ekd\/"},"modified":"2020-06-15T20:13:42","modified_gmt":"2020-06-15T20:13:42","slug":"wechsel-an-der-spitze-des-evangelischen-werks-fuer-diakonie-und-entwicklung-ekd","status":"publish","type":"post","link":"https:\/\/krankenhauspfarramt.de\/index.php\/2020\/06\/15\/wechsel-an-der-spitze-des-evangelischen-werks-fuer-diakonie-und-entwicklung-ekd\/","title":{"rendered":"Wechsel an der Spitze des Evangelischen Werks f\u00fcr Diakonie und Entwicklung \u2013 EKD"},"content":{"rendered":"<p> <br \/>\n<\/p>\n<div id=\"\">\n<p>Berlin (epd). Cornelia F\u00fcllkrug-Weitzel (65) \u00fcbernimmt am 1. Juli den Vorstandsvorsitz im Evangelischen Werk f\u00fcr Diakonie und Entwicklung von Ulrich Lilie. Die Position geht turnusgem\u00e4\u00df nach drei Jahren vom Pr\u00e4sidenten der Diakonie Deutschland auf die Pr\u00e4sidentin von <span style=\"line-height:115%\">\u201e<\/span>Brot f\u00fcr die Welt\u201c und Diakonie Katastrophenhilfe \u00fcber, wie das kirchliche Werk in Berlin mitteilte. Diakonie-Pr\u00e4sident Lilie \u00fcbernimmt den stellvertretenden Vorstandsvorsitz.<\/p>\n<h3>Zukunft der Menschen im globalen S\u00fcden und bei uns ist eng miteinander verwoben<\/h3>\n<p>F\u00fcllkrug-Weitzel sieht das Werk vor gro\u00dfen Herausforderungen, erkennt aber auch Chancen: <span style=\"line-height:115%\">\u201e<\/span>Die Corona-Pandemie hat gezeigt: Die Zukunft der Menschen im globalen S\u00fcden und bei uns ist eng miteinander verwoben. So wie das Covid19-Virus nur weltweit oder gar nicht besiegt werden kann, k\u00f6nnen Armut, soziale Ungerechtigkeit und die Folgen des Klimawandels auch nur weltweit und mit vereinten Kr\u00e4ften \u00fcberwunden werden.\u201c F\u00fcr diese vernetzte Arbeit stehe das Evangelische Werk f\u00fcr Diakonie und Entwicklung.<\/p>\n<p>Unter dem Dach des Evangelischen Werks f\u00fcr Diakonie und Entwicklung arbeiten Diakonie Deutschland, <span style=\"line-height:115%\">\u201e<\/span>Brot f\u00fcr die Welt\u201c und die Diakonie Katastrophenhilfe. Neben F\u00fcllkrug-Weitzel und Lilie geh\u00f6ren dem vierk\u00f6pfigen Vorstand Maria Loheide und J\u00f6rg Kruttschnitt an.<\/p>\n<\/div>\n","protected":false},"excerpt":{"rendered":"<p>Berlin (epd). Cornelia F\u00fcllkrug-Weitzel (65) \u00fcbernimmt am 1. Juli den Vorstandsvorsitz im Evangelischen Werk f\u00fcr Diakonie und Entwicklung von Ulrich<\/p>\n","protected":false},"author":1,"featured_media":1368,"comment_status":"closed","ping_status":"closed","sticky":false,"template":"","format":"standard","meta":{"footnotes":""},"categories":[20],"tags":[],"_links":{"self":[{"href":"https:\/\/krankenhauspfarramt.de\/index.php\/wp-json\/wp\/v2\/posts\/1524"}],"collection":[{"href":"https:\/\/krankenhauspfarramt.de\/index.php\/wp-json\/wp\/v2\/posts"}],"about":[{"href":"https:\/\/krankenhauspfarramt.de\/index.php\/wp-json\/wp\/v2\/types\/post"}],"author":[{"embeddable":true,"href":"https:\/\/krankenhauspfarramt.de\/index.php\/wp-json\/wp\/v2\/users\/1"}],"replies":[{"embeddable":true,"href":"https:\/\/krankenhauspfarramt.de\/index.php\/wp-json\/wp\/v2\/comments?post=1524"}],"version-history":[{"count":1,"href":"https:\/\/krankenhauspfarramt.de\/index.php\/wp-json\/wp\/v2\/posts\/1524\/revisions"}],"predecessor-version":[{"id":1525,"href":"https:\/\/krankenhauspfarramt.de\/index.php\/wp-json\/wp\/v2\/posts\/1524\/revisions\/1525"}],"wp:featuredmedia":[{"embeddable":true,"href":"https:\/\/krankenhauspfarramt.de\/index.php\/wp-json\/wp\/v2\/media\/1368"}],"wp:attachment":[{"href":"https:\/\/krankenhauspfarramt.de\/index.php\/wp-json\/wp\/v2\/media?parent=1524"}],"wp:term":[{"taxonomy":"category","embeddable":true,"href":"https:\/\/krankenhauspfarramt.de\/index.php\/wp-json\/wp\/v2\/categories?post=1524"},{"taxonomy":"post_tag","embeddable":true,"href":"https:\/\/krankenhauspfarramt.de\/index.php\/wp-json\/wp\/v2\/tags?post=1524"}],"curies":[{"name":"wp","href":"https:\/\/api.w.org\/{rel}","templated":true}]}}