{"id":1538,"date":"2020-06-18T16:37:04","date_gmt":"2020-06-18T16:37:04","guid":{"rendered":"https:\/\/krankenhauspfarramt.de\/index.php\/2020\/06\/18\/rast-fuer-die-seele-ekd\/"},"modified":"2020-06-18T16:37:08","modified_gmt":"2020-06-18T16:37:08","slug":"rast-fuer-die-seele-ekd","status":"publish","type":"post","link":"https:\/\/krankenhauspfarramt.de\/index.php\/2020\/06\/18\/rast-fuer-die-seele-ekd\/","title":{"rendered":"Rast f\u00fcr die Seele \u2013 EKD"},"content":{"rendered":"<p> <br \/>\n<\/p>\n<div>\n<p style=\"margin-bottom:8pt; margin-left:0cm; margin-right:0cm; margin-top:0cm\"><em><span style=\"line-height:107%\"><span style=\"line-height:107%\">Was f\u00fchrt die Truckerfahrer in die Autobahnkirchen?<\/span><\/span><\/em><\/p>\n<p style=\"margin-bottom:8pt; margin-left:0cm; margin-right:0cm; margin-top:0cm\"><span style=\"line-height:107%\"><span style=\"line-height:107%\"><strong>Georg Hofmeister:<\/strong> F\u00fcr viele Truckerfahrer ist ihr LKW sowohl Arbeitsplatz als auch Wohnort, auch \u00fcber das Wochenende. Sie sind lange von ihren Familien getrennt und haben als Einzelk\u00e4mpfer t\u00e4glich eine hohe Belastung. Die M\u00f6glichkeit, in den Kirchen zur Ruhe zu kommen und die eigenen \u00c4ngste und Sorgen vor Gott zu bringen, wird daher gerne angenommen. Dieses niederschwellige kirchliche Angebot ist f\u00fcr die Truckerfahrer h\u00f6chst attraktiv: Sprachkenntnisse sind nicht notwendig und Autobahnkirchen sind als R\u00e4ume der Stille t\u00e4glich von 8 Uhr bis 20 Uhr ge\u00f6ffnet, manche sogar rund um die Uhr.<\/span><\/span><\/p>\n<p style=\"margin-bottom:8pt; margin-left:0cm; margin-right:0cm; margin-top:0cm\"><em><span style=\"line-height:107%\"><span style=\"line-height:107%\">Wer ist der klassische Besucher von Autobahnkirchen?<\/span><\/span><\/em><\/p>\n<p style=\"margin-bottom:8pt; margin-left:0cm; margin-right:0cm; margin-top:0cm\"><span style=\"line-height:107%\"><span style=\"line-height:107%\">Vor einigen Jahren haben wir diese Frage in einer Studie gestellt. Dabei stellte sich heraus, dass die Mehrheit der G\u00e4ste gut gebildet, verheiratet, katholisch und \u00e4lter als 40 ist. In der Regel gibt es eine enge Bindung an die eigene Ortsgemeinde. Au\u00dferdem zeigte sich, dass mehr als die H\u00e4lfte der Reisenden ungeplant anh\u00e4lt und zwischen f\u00fcnf und zehn Minuten in einer Autobahnkirche verweilt.<\/span><\/span><\/p>\n<p style=\"margin-bottom:8pt; margin-left:0cm; margin-right:0cm; margin-top:0cm\"><em><span style=\"line-height:107%\"><span style=\"line-height:107%\">Seit 1978 engagiert sich die Versicherung mit ihrer Akademie im Bereich der Verkehrssicherheit. Warum finden Sie das wichtig? <\/span><\/span><\/em><\/p>\n<p style=\"margin-bottom:8pt; margin-left:0cm; margin-right:0cm; margin-top:0cm\"><span style=\"line-height:107%\"><span style=\"line-height:107%\">Bereits im Mittelalter wurden dem Wanderer, Pilger und Reisenden Andachtsm\u00f6glichkeiten in Form von Kapellen und Kreuzen am Wegesrand angeboten. Sie dienten als Orte des Schutzgebetes und der Besinnung, und sie erinnerten die Menschen daran, sich auch auf Reisen immer wieder auf Gott zu besinnen. Dasselbe tun die Autobahnkirchen heute. Sie laden ein, zur Ruhe zu kommen, sich zu erholen und zu besinnen. Sie sind ein Gegenpol zum Leben auf der \u00dcberholspur, hier k\u00f6nnen Sie Gott und sich selber finden. Als Kirchen am Weg sind sie gleichzeitig sichtbare Zeichen f\u00fcr die Gegenwart Gottes in unserer Welt und f\u00fcr die kirchliche Pr\u00e4senz \u201emitten im Leben\u201c. <\/span><\/span><\/p>\n<p style=\"margin-bottom:8pt; margin-left:0cm; margin-right:0cm; margin-top:0cm\"><em><span style=\"line-height:107%\"><span style=\"line-height:107%\">Wie sieht die Zusammenarbeit mit den Kirchengemeinden konkret aus?<\/span><\/span><\/em><\/p>\n<p style=\"margin-bottom:8pt; margin-left:0cm; margin-right:0cm; margin-top:0cm\"><span style=\"line-height:107%\"><span style=\"line-height:107%\">F\u00fcr das Angebot in den Kirchen stellen wir Printmaterialien, wie die Hefte \u201eGebete und Lieder f\u00fcr unterwegs\u201c und \u201eRast f\u00fcr die Seele\u201c oder den zehnsprachigen Reisesegen zur Verf\u00fcgung. Au\u00dferdem geben wir das Verzeichnis der Autobahnkirchen heraus, betreiben die Webseite zu den Autobahnkirchen und koordinieren die bundesweite \u00d6ffentlichkeitsarbeit der Autobahnkirchen.<\/span><\/span><\/p>\n<p style=\"margin-bottom:8pt; margin-left:0cm; margin-right:0cm; margin-top:0cm\">\u00a0<\/p>\n<p style=\"margin-bottom:8pt; margin-left:0cm; margin-right:0cm; margin-top:0cm\"><span style=\"line-height:107%\">Eine \u00dcbersicht \u00fcber die Erreichbarkeit der 44 Autobahnkirchen in Deutschland, aber auch \u00fcber ihre Veranstaltungen bietet die Internetseite zu den Autobahnkirchen d<\/span><span style=\"line-height:107%\">er Akademie des Versicherers im Raum der Kirchen.<\/span><\/p>\n<\/p><\/div>\n","protected":false},"excerpt":{"rendered":"<p>Was f\u00fchrt die Truckerfahrer in die Autobahnkirchen? Georg Hofmeister: F\u00fcr viele Truckerfahrer ist ihr LKW sowohl Arbeitsplatz als auch Wohnort,<\/p>\n","protected":false},"author":1,"featured_media":1539,"comment_status":"closed","ping_status":"closed","sticky":false,"template":"","format":"standard","meta":{"footnotes":""},"categories":[20],"tags":[],"_links":{"self":[{"href":"https:\/\/krankenhauspfarramt.de\/index.php\/wp-json\/wp\/v2\/posts\/1538"}],"collection":[{"href":"https:\/\/krankenhauspfarramt.de\/index.php\/wp-json\/wp\/v2\/posts"}],"about":[{"href":"https:\/\/krankenhauspfarramt.de\/index.php\/wp-json\/wp\/v2\/types\/post"}],"author":[{"embeddable":true,"href":"https:\/\/krankenhauspfarramt.de\/index.php\/wp-json\/wp\/v2\/users\/1"}],"replies":[{"embeddable":true,"href":"https:\/\/krankenhauspfarramt.de\/index.php\/wp-json\/wp\/v2\/comments?post=1538"}],"version-history":[{"count":1,"href":"https:\/\/krankenhauspfarramt.de\/index.php\/wp-json\/wp\/v2\/posts\/1538\/revisions"}],"predecessor-version":[{"id":1540,"href":"https:\/\/krankenhauspfarramt.de\/index.php\/wp-json\/wp\/v2\/posts\/1538\/revisions\/1540"}],"wp:featuredmedia":[{"embeddable":true,"href":"https:\/\/krankenhauspfarramt.de\/index.php\/wp-json\/wp\/v2\/media\/1539"}],"wp:attachment":[{"href":"https:\/\/krankenhauspfarramt.de\/index.php\/wp-json\/wp\/v2\/media?parent=1538"}],"wp:term":[{"taxonomy":"category","embeddable":true,"href":"https:\/\/krankenhauspfarramt.de\/index.php\/wp-json\/wp\/v2\/categories?post=1538"},{"taxonomy":"post_tag","embeddable":true,"href":"https:\/\/krankenhauspfarramt.de\/index.php\/wp-json\/wp\/v2\/tags?post=1538"}],"curies":[{"name":"wp","href":"https:\/\/api.w.org\/{rel}","templated":true}]}}