{"id":1544,"date":"2020-06-19T19:06:05","date_gmt":"2020-06-19T19:06:05","guid":{"rendered":"https:\/\/krankenhauspfarramt.de\/index.php\/2020\/06\/19\/digitale-teilhabe-muss-fuer-alle-gelten-ekd\/"},"modified":"2020-06-19T19:06:08","modified_gmt":"2020-06-19T19:06:08","slug":"digitale-teilhabe-muss-fuer-alle-gelten-ekd","status":"publish","type":"post","link":"https:\/\/krankenhauspfarramt.de\/index.php\/2020\/06\/19\/digitale-teilhabe-muss-fuer-alle-gelten-ekd\/","title":{"rendered":"Digitale Teilhabe muss f\u00fcr alle gelten \u2013 EKD"},"content":{"rendered":"<p> <br \/>\n<\/p>\n<div>\n<p>Um die digitale Teilhabe zu f\u00f6rdern, findet der erste Digitaltag statt. Unter www.digitaltag.eu\/aktionen finden sich mehr als 1.000 Aktionen \u2013 von Webcasts, Webinaren und Livestreams \u00fcber Online-Beratungen bis hin zu Hackathons. Tr\u00e4gerin ist die Initiative \u201eDigital f\u00fcr alle\u201c, in der 28 Organisationen aus allen gesellschaftlichen Bereichen versammelt sind, darunter auch Diakonie und Caritas.<\/p>\n<h3>Loheide: Jedes Schulkind braucht eine EDV-Grundausstattung und WLAN-Zugang<\/h3>\n<p>Loheide sagte, die Corona-Krise habe gezeigt, wie wichtig digitale Lern- und Kommunikationsprozesse f\u00fcr die Gesellschaft seien. \u201eDarum braucht jedes Schulkind eine EDV-Grundausstattung und WLAN-Zugang\u201c, betonte sie. \u201eKitas, Schulen und Jugendhilfeeinrichtungen m\u00fcssen technisch so ausgestattet sein, dass jedes Kind die gleichen Chancen hat.\u201c<\/p>\n<p>Caritas-Pr\u00e4sident Peter Neher sagte, die Digitalisierung k\u00f6nne den Menschen erweiterte M\u00f6glichkeiten der Teilhabe bieten, auch im sozialen Bereich. Beispielhaft verwies er auf Online-Beratungen \u201eals eine L\u00f6sung f\u00fcr Rat- und Hilfesuchende weiter in Kontakt zu sein, trotz geschlossener Beratungsstellen\u201c.<\/p>\n<h3>Lilie: \u201eWo Corona Gr\u00e4ben zieht, baut Digitalisierung Br\u00fccken\u201c<\/h3>\n<p>Die Online-Beratung der Caritas habe im Mai mit rund 21.350 Anfragen mehr als doppelt so viele verzeichnet wie in den Vormonaten in diesem Jahr, sagte Neher. Seit Mitte M\u00e4rz seien etwas mehr als 1.000 neue Beraterinnen und Berater hinzugekommen. Aktuell seien es nun fast 4.000.<\/p>\n<p>Diakonie-Pr\u00e4sident Ulrich Lilie sagte: \u201eWo Corona Gr\u00e4ben zieht, baut Digitalisierung Br\u00fccken.\u201c Eine gro\u00dfe Bereitschaft, neue digitale Wege zu gehen, habe Informations- und Kontaktwege er\u00f6ffnet, die es vorher nicht gegeben habe. Darauf gelte es aufzubauen.<\/p>\n<\/p><\/div>\n","protected":false},"excerpt":{"rendered":"<p>Um die digitale Teilhabe zu f\u00f6rdern, findet der erste Digitaltag statt. Unter www.digitaltag.eu\/aktionen finden sich mehr als 1.000 Aktionen \u2013<\/p>\n","protected":false},"author":1,"featured_media":1545,"comment_status":"closed","ping_status":"closed","sticky":false,"template":"","format":"standard","meta":{"footnotes":""},"categories":[20],"tags":[],"_links":{"self":[{"href":"https:\/\/krankenhauspfarramt.de\/index.php\/wp-json\/wp\/v2\/posts\/1544"}],"collection":[{"href":"https:\/\/krankenhauspfarramt.de\/index.php\/wp-json\/wp\/v2\/posts"}],"about":[{"href":"https:\/\/krankenhauspfarramt.de\/index.php\/wp-json\/wp\/v2\/types\/post"}],"author":[{"embeddable":true,"href":"https:\/\/krankenhauspfarramt.de\/index.php\/wp-json\/wp\/v2\/users\/1"}],"replies":[{"embeddable":true,"href":"https:\/\/krankenhauspfarramt.de\/index.php\/wp-json\/wp\/v2\/comments?post=1544"}],"version-history":[{"count":1,"href":"https:\/\/krankenhauspfarramt.de\/index.php\/wp-json\/wp\/v2\/posts\/1544\/revisions"}],"predecessor-version":[{"id":1546,"href":"https:\/\/krankenhauspfarramt.de\/index.php\/wp-json\/wp\/v2\/posts\/1544\/revisions\/1546"}],"wp:featuredmedia":[{"embeddable":true,"href":"https:\/\/krankenhauspfarramt.de\/index.php\/wp-json\/wp\/v2\/media\/1545"}],"wp:attachment":[{"href":"https:\/\/krankenhauspfarramt.de\/index.php\/wp-json\/wp\/v2\/media?parent=1544"}],"wp:term":[{"taxonomy":"category","embeddable":true,"href":"https:\/\/krankenhauspfarramt.de\/index.php\/wp-json\/wp\/v2\/categories?post=1544"},{"taxonomy":"post_tag","embeddable":true,"href":"https:\/\/krankenhauspfarramt.de\/index.php\/wp-json\/wp\/v2\/tags?post=1544"}],"curies":[{"name":"wp","href":"https:\/\/api.w.org\/{rel}","templated":true}]}}