{"id":1547,"date":"2020-06-20T09:00:36","date_gmt":"2020-06-20T09:00:36","guid":{"rendered":"https:\/\/krankenhauspfarramt.de\/index.php\/2020\/06\/20\/praeses-rekowski-ruft-zur-unterstuetzung-von-fluechtlingen-auf-ekd\/"},"modified":"2020-06-20T09:00:38","modified_gmt":"2020-06-20T09:00:38","slug":"praeses-rekowski-ruft-zur-unterstuetzung-von-fluechtlingen-auf-ekd","status":"publish","type":"post","link":"https:\/\/krankenhauspfarramt.de\/index.php\/2020\/06\/20\/praeses-rekowski-ruft-zur-unterstuetzung-von-fluechtlingen-auf-ekd\/","title":{"rendered":"Pr\u00e4ses Rekowski ruft zur Unterst\u00fctzung von Fl\u00fcchtlingen auf \u2013 EKD"},"content":{"rendered":"<p> <br \/>\n<\/p>\n<div>\n<p>F\u00fcr die Kirche hei\u00dfe das: &#8222;Wir unterst\u00fctzen die Seenotrettung im Mittelmeer, damit Menschen auf der Flucht nicht ertrinken&#8220;, erkl\u00e4rte der leitende Theologe. &#8222;Wir unterst\u00fctzen die griechischen Kirchen bei ihrer humanit\u00e4ren Arbeit in den Fl\u00fcchtlingslagern.&#8220; Auch in Deutschland sei die Kirche in der Fl\u00fcchtlingsarbeit aktiv.<\/p>\n<p>Rekowski verwies auf die Bedeutung des j\u00e4hrlichen Weltfl\u00fcchtlingstages am 20. Juni: Weltweit seien mehr als 70 Millionen Menschen auf der Flucht, in jeder Minute fl\u00fcchteten statistisch gesehen 25 Menschen &#8211; zumeist aus Syrien, Afghanistan, Somalia, Myanmar und dem S\u00fcdsudan. Vor allem ungel\u00f6ste milit\u00e4rische und politische Konflikte seien es, die Menschen in die Flucht trieben. Deshalb seien jetzt politische L\u00f6sungen gefragt, sagte Rekowski.<\/p>\n<\/p><\/div>\n","protected":false},"excerpt":{"rendered":"<p>F\u00fcr die Kirche hei\u00dfe das: &#8222;Wir unterst\u00fctzen die Seenotrettung im Mittelmeer, damit Menschen auf der Flucht nicht ertrinken&#8220;, erkl\u00e4rte der<\/p>\n","protected":false},"author":1,"featured_media":1548,"comment_status":"closed","ping_status":"closed","sticky":false,"template":"","format":"standard","meta":{"footnotes":""},"categories":[20],"tags":[],"_links":{"self":[{"href":"https:\/\/krankenhauspfarramt.de\/index.php\/wp-json\/wp\/v2\/posts\/1547"}],"collection":[{"href":"https:\/\/krankenhauspfarramt.de\/index.php\/wp-json\/wp\/v2\/posts"}],"about":[{"href":"https:\/\/krankenhauspfarramt.de\/index.php\/wp-json\/wp\/v2\/types\/post"}],"author":[{"embeddable":true,"href":"https:\/\/krankenhauspfarramt.de\/index.php\/wp-json\/wp\/v2\/users\/1"}],"replies":[{"embeddable":true,"href":"https:\/\/krankenhauspfarramt.de\/index.php\/wp-json\/wp\/v2\/comments?post=1547"}],"version-history":[{"count":1,"href":"https:\/\/krankenhauspfarramt.de\/index.php\/wp-json\/wp\/v2\/posts\/1547\/revisions"}],"predecessor-version":[{"id":1549,"href":"https:\/\/krankenhauspfarramt.de\/index.php\/wp-json\/wp\/v2\/posts\/1547\/revisions\/1549"}],"wp:featuredmedia":[{"embeddable":true,"href":"https:\/\/krankenhauspfarramt.de\/index.php\/wp-json\/wp\/v2\/media\/1548"}],"wp:attachment":[{"href":"https:\/\/krankenhauspfarramt.de\/index.php\/wp-json\/wp\/v2\/media?parent=1547"}],"wp:term":[{"taxonomy":"category","embeddable":true,"href":"https:\/\/krankenhauspfarramt.de\/index.php\/wp-json\/wp\/v2\/categories?post=1547"},{"taxonomy":"post_tag","embeddable":true,"href":"https:\/\/krankenhauspfarramt.de\/index.php\/wp-json\/wp\/v2\/tags?post=1547"}],"curies":[{"name":"wp","href":"https:\/\/api.w.org\/{rel}","templated":true}]}}