{"id":1569,"date":"2020-06-23T17:15:07","date_gmt":"2020-06-23T17:15:07","guid":{"rendered":"https:\/\/krankenhauspfarramt.de\/index.php\/2020\/06\/23\/geschlechtliche-vielfalt-und-diversity-im-blick-ekd\/"},"modified":"2020-06-23T17:15:09","modified_gmt":"2020-06-23T17:15:09","slug":"geschlechtliche-vielfalt-und-diversity-im-blick-ekd","status":"publish","type":"post","link":"https:\/\/krankenhauspfarramt.de\/index.php\/2020\/06\/23\/geschlechtliche-vielfalt-und-diversity-im-blick-ekd\/","title":{"rendered":"Geschlechtliche Vielfalt und Diversity im Blick \u2013 EKD"},"content":{"rendered":"<p> <br \/>\n<\/p>\n<div id=\"\">\n<p>In seiner Juni-Sitzung hat der Rat der Evangelischen Kirche in Deutschland (EKD) die Arbeit des Referats f\u00fcr Chancengerechtigkeit neu geordnet. Neben der Gleichstellung von Frauen und M\u00e4nnern geh\u00f6ren jetzt auch Fragen geschlechtlicher Vielfalt und die Verschr\u00e4nkung mit anderen Diversity-Kriterien ins Themenfeld. \u201eDas Referat wirkt darauf hin, dass sich Menschen unabh\u00e4ngig von ihrer Geschlechtsidentit\u00e4t und sexuellen Orientierung entwickeln, ihre Gaben, Interessen und Neigungen entfalten und ihren Lebensweg und ihre sozialen Rollen entsprechend w\u00e4hlen k\u00f6nnen.\u201c, hei\u00dft es in der Ordnung zu den Aufgaben.<\/p>\n<p>Der Rat reagiert mit der Neufassung darauf, dass sich in den letzten Jahren der Blick auf\u00a0 Geschlechtergerechtigkeit &#8211; zum Beispiel durch die Einf\u00fchrung eines dritten positiven Geschlechtseintrags in das Personenstandsrecht &#8211; geweitet hat. \u201eIn der urchristlichen Taufverk\u00fcndigung wird Menschen unabh\u00e4ngig von ihrem Geschlecht das Einssein in Christus (Gal 3,28) und damit Befreiung, Ebenb\u00fcrtigkeit und gleiche W\u00fcrde zugesichert\u201c, hei\u00dft es in der Pr\u00e4ambel der Ordnung. Mit den Beschl\u00fcssen auf der Sitzung in Bad Krozingen im Jahr 1989 habe die EKD-Synode bekr\u00e4ftigt, dass das Engagement f\u00fcr Geschlechtergerechtigkeit Teil des ureigenen Auftrags der Kirche ist. \u201eMit der Neufassung der Ordnung schreibt der Rat der Evangelischen Kirche in Deutschland diesen Auftrag im Lichte aktueller Erkenntnisse \u00fcber Geschlechtlichkeit und daraus resultierender Aufgaben zur Verwirklichung von Geschlechtergerechtigkeit fort\u201c, wird in der Pr\u00e4ambel ausgef\u00fchrt.<\/p>\n<p>Im Zuge der Neuordnung des Referats f\u00fcr Chancengerechtigkeit verabschiedeten die Ratsmitglieder auch eine Empfehlung zur Nutzung geschlechtergerechter Sprache in der evangelischen Kirche. Die neugefasste Ordnung und die Sprachempfehlungen k\u00f6nnen unter https:\/\/www.ekd.de\/materialien-positionen-projekte-chancengerechtigkeit-ekd-24560.htm nachgelesen werden.<\/p>\n<p>Hannover, 23. Juni 2020<br \/>Pressestelle der EKD<\/p>\n<\/div>\n<div id=\"\">\n<div class=\"article--downloads download\">\n<figure class=\"image image__float\" style=\"z-index: 4; position: relative;\"><picture><source srcset=\"\/ekd_de\/ds_img\/assets_789_x\/Sie-ist-unser-bester-Mann_April_2020-789_rdax_263x263_60.jpg 1x, \/ekd_de\/ds_img\/assets_789_x\/Sie-ist-unser-bester-Mann_April_2020-789_rdax_526x526_60.jpg 2x, \/ekd_de\/ds_img\/assets_789_x\/Sie-ist-unser-bester-Mann_April_2020-789_rdax_60.jpg 3x\"><\/source><\/picture>\n<\/figure>\n<p><h3 class=\"primus--sub-headline\">\u201eSie ist unser bester Mann!\u201c Wirklich?<\/h3>\n<\/p>\n<p><strong>Tipps f\u00fcr eine geschlechtergerechte Sprache (Neuauflage 2020)<\/strong><br \/>Sprache ist nicht nur ein Spiegel unseres Alltags und unserer Wertvorstellungen, sondern schafft auch Wirklichkeit. Das Faltblatt, dass in Zusammenarbeit von Evangelischem Werk f\u00fcr Diakonie und Entwicklung e.V. und Evangelischer Kirche in Deutschland entstanden ist, zeigt mit Beispielen, dass inklusvie Sprache auch ohne unverst\u00e4ndliche Wortunget\u00fcme und Sprachvorschriften auskommt.<\/p>\n<\/p><\/div>\n<\/div>\n","protected":false},"excerpt":{"rendered":"<p>In seiner Juni-Sitzung hat der Rat der Evangelischen Kirche in Deutschland (EKD) die Arbeit des Referats f\u00fcr Chancengerechtigkeit neu geordnet.<\/p>\n","protected":false},"author":1,"featured_media":677,"comment_status":"closed","ping_status":"closed","sticky":false,"template":"","format":"standard","meta":{"footnotes":""},"categories":[20],"tags":[],"_links":{"self":[{"href":"https:\/\/krankenhauspfarramt.de\/index.php\/wp-json\/wp\/v2\/posts\/1569"}],"collection":[{"href":"https:\/\/krankenhauspfarramt.de\/index.php\/wp-json\/wp\/v2\/posts"}],"about":[{"href":"https:\/\/krankenhauspfarramt.de\/index.php\/wp-json\/wp\/v2\/types\/post"}],"author":[{"embeddable":true,"href":"https:\/\/krankenhauspfarramt.de\/index.php\/wp-json\/wp\/v2\/users\/1"}],"replies":[{"embeddable":true,"href":"https:\/\/krankenhauspfarramt.de\/index.php\/wp-json\/wp\/v2\/comments?post=1569"}],"version-history":[{"count":1,"href":"https:\/\/krankenhauspfarramt.de\/index.php\/wp-json\/wp\/v2\/posts\/1569\/revisions"}],"predecessor-version":[{"id":1570,"href":"https:\/\/krankenhauspfarramt.de\/index.php\/wp-json\/wp\/v2\/posts\/1569\/revisions\/1570"}],"wp:featuredmedia":[{"embeddable":true,"href":"https:\/\/krankenhauspfarramt.de\/index.php\/wp-json\/wp\/v2\/media\/677"}],"wp:attachment":[{"href":"https:\/\/krankenhauspfarramt.de\/index.php\/wp-json\/wp\/v2\/media?parent=1569"}],"wp:term":[{"taxonomy":"category","embeddable":true,"href":"https:\/\/krankenhauspfarramt.de\/index.php\/wp-json\/wp\/v2\/categories?post=1569"},{"taxonomy":"post_tag","embeddable":true,"href":"https:\/\/krankenhauspfarramt.de\/index.php\/wp-json\/wp\/v2\/tags?post=1569"}],"curies":[{"name":"wp","href":"https:\/\/api.w.org\/{rel}","templated":true}]}}