{"id":1571,"date":"2020-06-24T10:17:00","date_gmt":"2020-06-24T10:17:00","guid":{"rendered":"https:\/\/krankenhauspfarramt.de\/index.php\/2020\/06\/24\/gespraech-zwischen-bedford-strohm-und-asselborn-ueber-europa-ekd\/"},"modified":"2020-06-24T10:17:03","modified_gmt":"2020-06-24T10:17:03","slug":"gespraech-zwischen-bedford-strohm-und-asselborn-ueber-europa-ekd","status":"publish","type":"post","link":"https:\/\/krankenhauspfarramt.de\/index.php\/2020\/06\/24\/gespraech-zwischen-bedford-strohm-und-asselborn-ueber-europa-ekd\/","title":{"rendered":"Gespr\u00e4ch zwischen Bedford-Strohm und Asselborn \u00fcber Europa \u2013 EKD"},"content":{"rendered":"<p> <br \/>\n<\/p>\n<div id=\"\">\n<p>Tutzing (epd). Wohin Europa steuert und welchen Beitrag die Kirchen zum europ\u00e4ischen Kurs leisten k\u00f6nnen, dar\u00fcber sprechen am 25. Juni der luxemburgische Au\u00dfenminister Jean Asselborn und der Vorsitzende des Rates der Evangelischen Kirche in Deutschland (EKD), Heinrich Bedford-Strohm. Bei der Online-Veranstaltung der Evangelischen Akademie Tutzing gehe es ab 19 Uhr um den Beginn der EU-Ratspr\u00e4sidentschaft Deutschlands am 1. Juli, hei\u00dft es in einer Mitteilung der Akademie.<\/p>\n<p>Themen wie der Brexit, Klimaschutz, Migration, Digitalisierung, Agrarpolitik oder die Beziehungen zu Polen und Ungarn sollen angesprochen werde, aber auch das Verh\u00e4ltnis zu den USA, China und Russland.<\/p>\n<p>Die Konferenz moderiert der Direktor der Evangelischen Akademie, Udo Hahn. Anschlie\u00dfend soll eine Diskussion mit den Teilnehmern stattfinden. Anmeldungen seien noch bis zum 25. Juni m\u00f6glich, teilten die Veranstalter mit.<\/p>\n<\/div>\n","protected":false},"excerpt":{"rendered":"<p>Tutzing (epd). Wohin Europa steuert und welchen Beitrag die Kirchen zum europ\u00e4ischen Kurs leisten k\u00f6nnen, dar\u00fcber sprechen am 25. Juni<\/p>\n","protected":false},"author":1,"featured_media":1572,"comment_status":"closed","ping_status":"closed","sticky":false,"template":"","format":"standard","meta":{"footnotes":""},"categories":[20],"tags":[],"_links":{"self":[{"href":"https:\/\/krankenhauspfarramt.de\/index.php\/wp-json\/wp\/v2\/posts\/1571"}],"collection":[{"href":"https:\/\/krankenhauspfarramt.de\/index.php\/wp-json\/wp\/v2\/posts"}],"about":[{"href":"https:\/\/krankenhauspfarramt.de\/index.php\/wp-json\/wp\/v2\/types\/post"}],"author":[{"embeddable":true,"href":"https:\/\/krankenhauspfarramt.de\/index.php\/wp-json\/wp\/v2\/users\/1"}],"replies":[{"embeddable":true,"href":"https:\/\/krankenhauspfarramt.de\/index.php\/wp-json\/wp\/v2\/comments?post=1571"}],"version-history":[{"count":1,"href":"https:\/\/krankenhauspfarramt.de\/index.php\/wp-json\/wp\/v2\/posts\/1571\/revisions"}],"predecessor-version":[{"id":1573,"href":"https:\/\/krankenhauspfarramt.de\/index.php\/wp-json\/wp\/v2\/posts\/1571\/revisions\/1573"}],"wp:featuredmedia":[{"embeddable":true,"href":"https:\/\/krankenhauspfarramt.de\/index.php\/wp-json\/wp\/v2\/media\/1572"}],"wp:attachment":[{"href":"https:\/\/krankenhauspfarramt.de\/index.php\/wp-json\/wp\/v2\/media?parent=1571"}],"wp:term":[{"taxonomy":"category","embeddable":true,"href":"https:\/\/krankenhauspfarramt.de\/index.php\/wp-json\/wp\/v2\/categories?post=1571"},{"taxonomy":"post_tag","embeddable":true,"href":"https:\/\/krankenhauspfarramt.de\/index.php\/wp-json\/wp\/v2\/tags?post=1571"}],"curies":[{"name":"wp","href":"https:\/\/api.w.org\/{rel}","templated":true}]}}