{"id":1574,"date":"2020-06-24T14:29:04","date_gmt":"2020-06-24T14:29:04","guid":{"rendered":"https:\/\/krankenhauspfarramt.de\/index.php\/2020\/06\/24\/begegnung-auf-augenhoehe-ekd\/"},"modified":"2020-06-24T14:29:06","modified_gmt":"2020-06-24T14:29:06","slug":"begegnung-auf-augenhoehe-ekd","status":"publish","type":"post","link":"https:\/\/krankenhauspfarramt.de\/index.php\/2020\/06\/24\/begegnung-auf-augenhoehe-ekd\/","title":{"rendered":"Begegnung auf Augenh\u00f6he \u2013 EKD"},"content":{"rendered":"<p> <br \/>\n<\/p>\n<div>\n<p style=\"margin-bottom:8pt; margin-left:0cm; margin-right:0cm; margin-top:0cm\"><span style=\"line-height:107%\"><span style=\"line-height:107%\">Zum Startzeitpunkt am 23. Juni waren auf der Karte bereits 33 interkulturelle Kirchengemeinden verzeichnet, <\/span><span style=\"line-height:107%\">die <\/span><span style=\"line-height:107%\">Einheimische und Zugewanderte auf allen Ebenen von Leitung und Mitarbeit beteiligen. Diese Gemeinden seien Beispiele gelingender Praxis, so Balke. \u201eEs gibt mittlerweile eine ganze Reihe von Gemeinden, die sich internationalisiert haben.\u201c Sie h\u00e4tten mit neuen Angeboten auf die gro\u00dfe Zahl Gefl\u00fcchteter der Jahre 2015 und 2016 reagiert. \u00dcber diakonische Hilfe und Austausch seien Fl\u00fcchtlinge zur Gemeindearbeit gekommen.<\/span><\/span><\/p>\n<p style=\"margin-bottom:8pt; margin-left:0cm; margin-right:0cm; margin-top:0cm\"><span style=\"line-height:107%\"><span style=\"line-height:107%\">Vor allem unter den evangelischen Landeskirchen seien solche Gemeinden zu finden, aber auch unter Freikirchen, gelegentlich auch unter katholischen und orthodoxen Gemeinden. \u201eNeben einheimischen Gemeinden gibt es jedoch auch Gemeinden von Migranten, in denen Deutsche auf allen Ebenen mitwirken\u201c, sagt Balke. <\/span><\/span><\/p>\n<p style=\"margin-bottom:8pt; margin-left:0cm; margin-right:0cm; margin-top:0cm\"><span style=\"line-height:107%\"><span style=\"line-height:107%\">Ein Beispiel auf der \u201eLandkarte der Ermutigung\u201c ist das International Gospel Center in Hannover. In der Selbstdarstellung der Gemeinde hei\u00dft es: \u201eWir legen Wert auf eine Atmosph\u00e4re der Wertsch\u00e4tzung, der Annahme und des Respekts. Wir glauben, dass jeder Mensch einzigartig, wertvoll und von Gott geliebt ist.\u201c Alle Veranstaltungen finden auf Deutsch und Englisch statt. <\/span><\/span><\/p>\n<p style=\"margin-bottom:8pt; margin-left:0cm; margin-right:0cm; margin-top:0cm\"><span style=\"line-height:107%\"><span style=\"line-height:107%\">Bendix Balke hofft, dass weitere Gemeinden den Weg zum gleichberechtigten Miteinander wagen. Der Oberkirchenrat ist auf einer Projektstelle zur Gemeinschaft von Landeskirchen und Internationalen Gemeinden im Kirchenamt der EKD t\u00e4tig. Das \u00f6kumenische Netzwerk \u201eGemeinde auf Augenh\u00f6he\u201c ist ein breiter Zusammenschluss von evangelischen Kirchen, Missionswerke, freien Werken und Projekten. <\/span><\/span><\/p>\n<p><span style=\"line-height:107%\">An der Umsetzung der Karte sind die Evangelische Kirche in Deutschland, die Hanns-Lilje-Stiftung und die Universit\u00e4t Osnabr\u00fcck beteiligt.<\/span><\/p>\n<\/p><\/div>\n","protected":false},"excerpt":{"rendered":"<p>Zum Startzeitpunkt am 23. Juni waren auf der Karte bereits 33 interkulturelle Kirchengemeinden verzeichnet, die Einheimische und Zugewanderte auf allen<\/p>\n","protected":false},"author":1,"featured_media":1575,"comment_status":"closed","ping_status":"closed","sticky":false,"template":"","format":"standard","meta":{"footnotes":""},"categories":[20],"tags":[],"_links":{"self":[{"href":"https:\/\/krankenhauspfarramt.de\/index.php\/wp-json\/wp\/v2\/posts\/1574"}],"collection":[{"href":"https:\/\/krankenhauspfarramt.de\/index.php\/wp-json\/wp\/v2\/posts"}],"about":[{"href":"https:\/\/krankenhauspfarramt.de\/index.php\/wp-json\/wp\/v2\/types\/post"}],"author":[{"embeddable":true,"href":"https:\/\/krankenhauspfarramt.de\/index.php\/wp-json\/wp\/v2\/users\/1"}],"replies":[{"embeddable":true,"href":"https:\/\/krankenhauspfarramt.de\/index.php\/wp-json\/wp\/v2\/comments?post=1574"}],"version-history":[{"count":1,"href":"https:\/\/krankenhauspfarramt.de\/index.php\/wp-json\/wp\/v2\/posts\/1574\/revisions"}],"predecessor-version":[{"id":1576,"href":"https:\/\/krankenhauspfarramt.de\/index.php\/wp-json\/wp\/v2\/posts\/1574\/revisions\/1576"}],"wp:featuredmedia":[{"embeddable":true,"href":"https:\/\/krankenhauspfarramt.de\/index.php\/wp-json\/wp\/v2\/media\/1575"}],"wp:attachment":[{"href":"https:\/\/krankenhauspfarramt.de\/index.php\/wp-json\/wp\/v2\/media?parent=1574"}],"wp:term":[{"taxonomy":"category","embeddable":true,"href":"https:\/\/krankenhauspfarramt.de\/index.php\/wp-json\/wp\/v2\/categories?post=1574"},{"taxonomy":"post_tag","embeddable":true,"href":"https:\/\/krankenhauspfarramt.de\/index.php\/wp-json\/wp\/v2\/tags?post=1574"}],"curies":[{"name":"wp","href":"https:\/\/api.w.org\/{rel}","templated":true}]}}