{"id":1577,"date":"2020-06-24T18:34:47","date_gmt":"2020-06-24T18:34:47","guid":{"rendered":"https:\/\/krankenhauspfarramt.de\/index.php\/2020\/06\/24\/frisch-gewaehlte-saechsische-landessynode-findet-unter-strengem-hygienekonzept-statt-ekd\/"},"modified":"2020-06-24T18:34:49","modified_gmt":"2020-06-24T18:34:49","slug":"frisch-gewaehlte-saechsische-landessynode-findet-unter-strengem-hygienekonzept-statt-ekd","status":"publish","type":"post","link":"https:\/\/krankenhauspfarramt.de\/index.php\/2020\/06\/24\/frisch-gewaehlte-saechsische-landessynode-findet-unter-strengem-hygienekonzept-statt-ekd\/","title":{"rendered":"Frisch gew\u00e4hlte s\u00e4chsische Landessynode findet unter strengem Hygienekonzept statt \u2013 EKD"},"content":{"rendered":"<p> <br \/>\n<\/p>\n<div>\n<h3>Hygienekonzept f\u00fcr die Tagung<\/h3>\n<p>Zur Dresdner Tagung unter Pandemiebedingungen gibt es laut Landeskirchensprecher Matthias Oelke ein eigens daf\u00fcr erstelltes Hygienekonzept. Wegen der anhaltenden Gefahr einer Infektion mit dem Coronavirus hei\u00dft es auch im Haus der Kirche: Abstand halten. Bis zum Erreichen des Sitzplatzes im gro\u00dfen Saal ist auch ein Mund-Nasen-Schutz zu tragen. Jeder und jede Teilnehmende hat seinen eigenen Tisch, zum Nachbarn ist jeweils 1,5 Meter Platz. Vor den Rednerpulten stehen Plexiglasscheiben.<\/p>\n<p>Sachsens evangelischer Landesbischof Tobias Bilz wird die Tagung am Samstag mit einer Andacht er\u00f6ffnen. Die Konstituierung sei wichtig: \u201eIch bin dankbar, dass Menschen Verantwortung \u00fcbernehmen\u201c, sagt er.<\/p>\n<p>Nach dem \u00fcberraschenden R\u00fccktritt von Bischof Carsten Rentzing und kontrovers gef\u00fchrten Diskussionen \u00fcber die Hintergr\u00fcnde, habe sich die Situation in der Landeskirche etwas beruhigt. \u201eDer Konflikt verliert an Emotionalit\u00e4t. Das hei\u00dft aber noch nicht, dass er aufgearbeitet ist\u201c, sagt Bilz.<\/p>\n<p>Rentzing hatte verschwiegen, dass er als Student Texte f\u00fcr die rechtskonservative Zeitschrift \u201eFragmente\u201c verfasst hatte. Das Landeskirchenamt stufte sie nach Bekanntwerden im Oktober 2019 als \u201eelit\u00e4r, in Teilen nationalistisch und demokratiefeindlich\u201c ein.<\/p>\n<p>Als Reaktion auf heftige Diskussionen und gestellte Petitionen zur Personalie Rentzing gr\u00fcndete die Landeskirche eine Arbeitsgruppe. Sie soll herausstellen, was an konservativer Haltung im Sinne des Christentums legitim ist und wo sich die Landeskirche zu Rechtsextremismus deutlich abgrenzen muss. \u201eWir m\u00fcssen kl\u00e4ren, was m\u00f6glich ist und was nicht\u201c, sagt Bilz.<\/p>\n<h3>Kennenlernen und Pr\u00e4sidiumswahl<\/h3>\n<p>Die 80 s\u00e4chsischen Landesynodalen vertreten 560 Kirchgemeinden und Kirchspiele zwischen Zittau im \u00f6stlichsten Zipfel des Freistaates und dem vogtl\u00e4ndischen Plauen in Westsachsen. Auf ihrer ersten Tagung gehe es vor allem ums gegenseitige Kennenlernen, sagt Kirchensprecher Oelke. Zudem m\u00fcssen ein Synodalpr\u00e4sident oder eine -pr\u00e4sidentin sowie weitere Mitglieder des Pr\u00e4sidiums gew\u00e4hlt werden. Auch die Fachaussch\u00fcsse der 28. Landessynode sind zu besetzen.<\/p>\n<p>G\u00e4ste und Beobachter sind zahlenm\u00e4\u00dfig begrenzt. Sie sollen nicht wie \u00fcblich im Saal, sondern auf der Galerie dar\u00fcber Platz nehmen \u2013 inklusive der vier zugelassenen Journalisten und Journalistinnen. Das Hygienekonzept f\u00fcr die Tagung besagt au\u00dferdem, dass keinesfalls gesungen werden darf. Bewegungen im Raum soll es \u201eso wenig wie m\u00f6glich geben\u201c, sagt Oelke. Zum Essen geht es nach einem Plan in alphabetischer Reihenfolge.<\/p>\n<p>Auch vom s\u00e4chsischen Landeskirchenamt nehmen weniger Personen als sonst an der Tagung teil. Neben Bischof Bilz werden der Pr\u00e4sident des Landeskirchenamtes, Hans-Peter Vollbach, sowie die s\u00e4chsischen Oberlandeskirchenr\u00e4te erwartet. \u00a0<\/p>\n<p>Mit der Tagung unter Corona-Bedingungen nehme die neue Landessynode \u201edie erste H\u00fcrde\u201c in ihrer sechsj\u00e4hrigen Legislatur, sagt Oelke. Auf der Herbsttagung im November soll dann unter anderem \u00fcber den landeskirchlichen Haushalt beraten werden. Wegen der Corona-Krise und einer abfallenden Konjunktur k\u00f6nnten die Einnahmen aus Kirchensteuern zur\u00fcckgehen.<\/p>\n<p>Ob Ex-Bischof Rentzing weiter in der s\u00e4chsischen Landeskirche arbeiten wird, ist noch immer nicht gekl\u00e4rt. Rentzing befindet sich im sogenannten Wartestand. Laut Bilz gibt es Gespr\u00e4che, \u00fcber die der Landesbischof sagt: \u201eWir sind auf einem guten Weg.\u201c<\/p>\n<p style=\"text-align:right\">Katharina R\u00f6gner (epd)<\/p>\n<\/p><\/div>\n","protected":false},"excerpt":{"rendered":"<p>Hygienekonzept f\u00fcr die Tagung Zur Dresdner Tagung unter Pandemiebedingungen gibt es laut Landeskirchensprecher Matthias Oelke ein eigens daf\u00fcr erstelltes Hygienekonzept.<\/p>\n","protected":false},"author":1,"featured_media":1578,"comment_status":"closed","ping_status":"closed","sticky":false,"template":"","format":"standard","meta":{"footnotes":""},"categories":[20],"tags":[],"_links":{"self":[{"href":"https:\/\/krankenhauspfarramt.de\/index.php\/wp-json\/wp\/v2\/posts\/1577"}],"collection":[{"href":"https:\/\/krankenhauspfarramt.de\/index.php\/wp-json\/wp\/v2\/posts"}],"about":[{"href":"https:\/\/krankenhauspfarramt.de\/index.php\/wp-json\/wp\/v2\/types\/post"}],"author":[{"embeddable":true,"href":"https:\/\/krankenhauspfarramt.de\/index.php\/wp-json\/wp\/v2\/users\/1"}],"replies":[{"embeddable":true,"href":"https:\/\/krankenhauspfarramt.de\/index.php\/wp-json\/wp\/v2\/comments?post=1577"}],"version-history":[{"count":1,"href":"https:\/\/krankenhauspfarramt.de\/index.php\/wp-json\/wp\/v2\/posts\/1577\/revisions"}],"predecessor-version":[{"id":1579,"href":"https:\/\/krankenhauspfarramt.de\/index.php\/wp-json\/wp\/v2\/posts\/1577\/revisions\/1579"}],"wp:featuredmedia":[{"embeddable":true,"href":"https:\/\/krankenhauspfarramt.de\/index.php\/wp-json\/wp\/v2\/media\/1578"}],"wp:attachment":[{"href":"https:\/\/krankenhauspfarramt.de\/index.php\/wp-json\/wp\/v2\/media?parent=1577"}],"wp:term":[{"taxonomy":"category","embeddable":true,"href":"https:\/\/krankenhauspfarramt.de\/index.php\/wp-json\/wp\/v2\/categories?post=1577"},{"taxonomy":"post_tag","embeddable":true,"href":"https:\/\/krankenhauspfarramt.de\/index.php\/wp-json\/wp\/v2\/tags?post=1577"}],"curies":[{"name":"wp","href":"https:\/\/api.w.org\/{rel}","templated":true}]}}