{"id":1581,"date":"2020-06-25T10:54:27","date_gmt":"2020-06-25T10:54:27","guid":{"rendered":"https:\/\/krankenhauspfarramt.de\/index.php\/2020\/06\/25\/irgendwann-ist-die-eigene-frustrationsgrenze-erreicht-ekd\/"},"modified":"2020-06-25T10:54:29","modified_gmt":"2020-06-25T10:54:29","slug":"irgendwann-ist-die-eigene-frustrationsgrenze-erreicht-ekd","status":"publish","type":"post","link":"https:\/\/krankenhauspfarramt.de\/index.php\/2020\/06\/25\/irgendwann-ist-die-eigene-frustrationsgrenze-erreicht-ekd\/","title":{"rendered":"\u201eIrgendwann ist die eigene Frustrationsgrenze erreicht\u201c \u2013 EKD"},"content":{"rendered":"<p> <br \/>\n<\/p>\n<div>\n<p><em>Wo sehen Sie Gr\u00fcnde f\u00fcr diese Entwicklung?<\/em><\/p>\n<p><strong>K\u00f6ster: <\/strong>Das ist schwer zu beantworten, vielleicht muss man da eher einen Soziologen fragen. Aber generell glaube ich, dass sich unsere Gesellschaft \u00e4ndert. Ich sehe, dass mit zunehmendem Individualismus und dem Fokus auf eigene Interessen h\u00e4ufiger ein gesellschaftlicher Konsens infrage gestellt wird. Dann gibt es aktuell Menschen, die auf die Einschr\u00e4nkung ihrer pers\u00f6nlichen Freiheitsrechte aufgrund der Corona-Krise sehr emotional reagieren. Offensichtlich gelingt oftmals nicht mehr der gedankliche Transfer, dass es nicht etwa der Polizist, die Polizistin ist, die etwas B\u00f6ses von mir will, sondern dass die Einsatzkr\u00e4fte staatliche Gesetze und Anordnungen durchsetzen. Das ist ja nicht ihr Privatinteresse. Und dass Polizisten das Gewaltmonopol haben, das k\u00f6nnen offenbar immer weniger Menschen akzeptieren.<\/p>\n<p><em>Was treibt Ihrer Beobachtung nach Polizisten an, einen Dienst zu tun, der ja mit Gefahren und Konflikten belastet ist?<\/em><\/p>\n<p><strong>K\u00f6ster: <\/strong>Sicher spielt die Sicherheit als Beamter eine Rolle. Aber Geld ist nicht das entscheidende Argument, denn wenn ich wirklich viel verdienen will, dann werde ich nicht Polizist. Ich glaube, eine starke Motivation ist die Vorstellung, ich will Menschen helfen, ich will mit Menschen arbeiten. Platt gesagt wollen Polizisten versuchen, das Gute stark zu machen in dieser Gesellschaft. Da gehen junge Menschen meist aus dem b\u00fcrgerlichen Milieu mit relativ wenig eigener Gewalterfahrung in das Studium f\u00fcr den Polizeivollzugsdienst, mit einem hohen ethischen Anspruch: Ich will daf\u00fcr sorgen, dass es in diesem Gemeinwesen l\u00e4uft. Dass die Realit\u00e4t oftmals anders ist, dass Einsatzkr\u00e4fte erkennen, wir k\u00f6nnen weder die Welt retten noch alle Probleme der Gesellschaft l\u00f6sen, das geh\u00f6rt dann zum Praxisschock. Als Probleml\u00f6ser eignet sich die Polizei eben wenig, auch wenn die Beamten st\u00e4ndig an die Orte kommen, an denen diese Probleme aufbrechen. Dann zu erkennen, ich kann hier zwar f\u00fcr Ruhe, meinetwegen auch f\u00fcr Ordnung sorgen, aber ich werde die Ursachen der Probleme nicht bek\u00e4mpfen k\u00f6nnen &#8211; das ist f\u00fcr viele sehr frustrierend, ja.<\/p>\n<p><em>Heizen Gewalterfahrungen diesen Frust noch an?<\/em><\/p>\n<p><strong>K\u00f6ster: <\/strong>Angriffe wie in G\u00f6ttingen, Stuttgart oder beim G-20-Gipfel in Hamburg, das wirkt auf jeden Fall hoch emotional, das verunsichert oder verh\u00e4rtet: Wenn mir mit Gewalt begegnet wird, werde ich selber auch eher mit Gewalt reagieren. Deshalb ist es wichtig, dass die Einsatzkr\u00e4fte berufsbegleitend unterst\u00fctzt werden, um mit solchen Erfahrungen umgehen zu k\u00f6nnen, etwa durch Gespr\u00e4che mit Seelsorgern und Psychologen oder durch Supervision. Insgesamt gibt es das vielleicht noch nicht in ausreichendem Ma\u00dfe.<\/p>\n<p><em>Sehen Sie Ansatzpunkte in der Gesellschaft, um der steigenden Gewalt gegen Einsatzkr\u00e4fte zu begegnen?<\/em><\/p>\n<p><strong>K\u00f6ster: <\/strong>Da spielt nat\u00fcrlich die Frage eine Rolle, wie unsere Gesellschaft insgesamt mit Gewalt umgeht. Ich glaube au\u00dferdem, dass sich Teile der Gesellschaft von oben fremdbestimmt und von Entscheidungsfindungs-Prozessen ausgegrenzt f\u00fchlen. Diese Staats- und Demokratiem\u00fcdigkeit ist relativ verbreitet, das finde ich sehr schade. Und bezogen auf die Polizei muss es gelingen, dass die Polizei tats\u00e4chlich als origin\u00e4rer Teil der Gesellschaft verstanden wird, die das umsetzt, was vorher gemeinsam demokratisch beschlossen wurde. Wir brauchen die selbstverst\u00e4ndliche \u00dcberzeugung, dass der Polizist genau wie ich ein B\u00fcrger ist \u2013\u00a0auch wenn er eine andere Funktion wahrnimmt. Ich bin \u00fcberzeugt: Demjenigen, dem ich so gesehen auf gleicher Ebene begegne, begegne ich auch mit mehr Respekt.<\/p>\n<p style=\"text-align:right\">Gespr\u00e4ch: Dieter Sell (epd)<\/p>\n<\/p><\/div>\n","protected":false},"excerpt":{"rendered":"<p>Wo sehen Sie Gr\u00fcnde f\u00fcr diese Entwicklung? K\u00f6ster: Das ist schwer zu beantworten, vielleicht muss man da eher einen Soziologen<\/p>\n","protected":false},"author":1,"featured_media":1582,"comment_status":"closed","ping_status":"closed","sticky":false,"template":"","format":"standard","meta":{"footnotes":""},"categories":[20],"tags":[],"_links":{"self":[{"href":"https:\/\/krankenhauspfarramt.de\/index.php\/wp-json\/wp\/v2\/posts\/1581"}],"collection":[{"href":"https:\/\/krankenhauspfarramt.de\/index.php\/wp-json\/wp\/v2\/posts"}],"about":[{"href":"https:\/\/krankenhauspfarramt.de\/index.php\/wp-json\/wp\/v2\/types\/post"}],"author":[{"embeddable":true,"href":"https:\/\/krankenhauspfarramt.de\/index.php\/wp-json\/wp\/v2\/users\/1"}],"replies":[{"embeddable":true,"href":"https:\/\/krankenhauspfarramt.de\/index.php\/wp-json\/wp\/v2\/comments?post=1581"}],"version-history":[{"count":1,"href":"https:\/\/krankenhauspfarramt.de\/index.php\/wp-json\/wp\/v2\/posts\/1581\/revisions"}],"predecessor-version":[{"id":1583,"href":"https:\/\/krankenhauspfarramt.de\/index.php\/wp-json\/wp\/v2\/posts\/1581\/revisions\/1583"}],"wp:featuredmedia":[{"embeddable":true,"href":"https:\/\/krankenhauspfarramt.de\/index.php\/wp-json\/wp\/v2\/media\/1582"}],"wp:attachment":[{"href":"https:\/\/krankenhauspfarramt.de\/index.php\/wp-json\/wp\/v2\/media?parent=1581"}],"wp:term":[{"taxonomy":"category","embeddable":true,"href":"https:\/\/krankenhauspfarramt.de\/index.php\/wp-json\/wp\/v2\/categories?post=1581"},{"taxonomy":"post_tag","embeddable":true,"href":"https:\/\/krankenhauspfarramt.de\/index.php\/wp-json\/wp\/v2\/tags?post=1581"}],"curies":[{"name":"wp","href":"https:\/\/api.w.org\/{rel}","templated":true}]}}