{"id":1684,"date":"2020-07-16T14:20:20","date_gmt":"2020-07-16T14:20:20","guid":{"rendered":"https:\/\/krankenhauspfarramt.de\/index.php\/2020\/07\/16\/erschoepfte-schoepfung-ekd\/"},"modified":"2020-07-16T14:20:21","modified_gmt":"2020-07-16T14:20:21","slug":"erschoepfte-schoepfung-ekd","status":"publish","type":"post","link":"https:\/\/krankenhauspfarramt.de\/index.php\/2020\/07\/16\/erschoepfte-schoepfung-ekd\/","title":{"rendered":"Ersch\u00f6pfte Sch\u00f6pfung \u2013 EKD"},"content":{"rendered":"<p> <br \/>\n<\/p>\n<div id=\"\">\n<div class=\"article--meta article--meta__border clearfix\">\n<p>                                    <time datetime=\"16.07.2020 13:00\" class=\"article--time\">16.07.2020<\/time><strong class=\"article--type primus--overline\">Pressemitteilung<\/strong><\/p>\n<picture class=\"article--source-image image\"><source srcset=\"https:\/\/ekd.de\/ekd_de\/ds_img\/assets\/velkd.jpg\"><!--<source srcset=\"\/ekd_de\/ds_img\/assets\/velkd_rdax_141x141.jpg 1x, \/ekd_de\/ds_img\/assets\/velkd_rdax_282x282.jpg 2x, https:\/\/ekd.de\/ekd_de\/ds_img\/assets\/velkd.jpg 3x\">--><\/source><\/picture>\n<\/p><\/div>\n<h2 class=\"article--sub-headline primus--sub-headline\">Henning Thei\u00dfens \u201eTheologische Aufs\u00e4tze aus der Corona-Krise\u201c erscheinen in den \u201eTexten aus der VELKD\u201c<\/h2>\n<\/p><\/div>\n<div id=\"\">\n<p class=\"VELKDFlietext\" style=\"margin-bottom:0.0001pt; margin-left:0cm; margin-right:0cm; margin-top:0cm\"><span style=\"line-height:14pt\">Welchen eigenen Beitrag kann die Theologie zur Auseinandersetzung mit der Corona-Krise leisten? Dieser Frage geht Henning Thei\u00dfen, Verwaltungsprofessor f\u00fcr Systematische Theologie an der Leuphana-Universit\u00e4t L\u00fcneburg, in sieben \u201eTheologischen Aufs\u00e4tzen aus der Corona-Krise\u201c nach, die jetzt in der aktuellen Ausgabe der \u201eTexte aus der VELKD\u201c (Nr. 187) erschienen sind.<\/span><\/p>\n<p class=\"VELKDFlietext\" style=\"margin-bottom:0.0001pt; margin-left:0cm; margin-right:0cm; margin-top:0cm\"><span style=\"line-height:14pt\">\u00a0\u00a0 <\/span><\/p>\n<p class=\"VELKDFlietext\" style=\"margin-bottom:0.0001pt; margin-left:0cm; margin-right:0cm; margin-top:0cm\"><span style=\"line-height:14pt\">Dazu setzt er bei Alltagsbeobachtungen und Themen an, die sich f\u00fcr die mit Corona gestellten Fragen als wichtig erwiesen haben und entfaltet ihr theologisches Potential. Er er\u00f6ffnet die Aufsatzsammlung mit einem Text zu Digitalisierung und Theologie in Zeiten von Corona, zeigt sodann, wie viel Theologie in Themen wie der Maskenpflicht oder der Reden von den \u201eHelden des Alltags\u201c steckt, fragt am Beispiel des Wortes \u201eQuarant\u00e4ne\u201c nach Spiritualit\u00e4t in Zeiten von Corona, greift die Frage nach Grundversorgung und Seelsorge auf und schlie\u00dft mit einem Aufsatz zu Hoffnung und Geduld in Zeiten von Corona.<\/span><\/p>\n<p class=\"VELKDFlietext\" style=\"margin-bottom:0.0001pt; margin-left:0cm; margin-right:0cm; margin-top:0cm\">\u00a0<\/p>\n<p class=\"VELKDFlietext\" style=\"margin-bottom:0.0001pt; margin-left:0cm; margin-right:0cm; margin-top:0cm\"><span style=\"line-height:14pt\">Die Aufs\u00e4tze sind Tagebuchnotizen und theologische Grundsatzreflexionen zugleich. Sie seien ein St\u00fcck \u201etheologisches Alltagsgesch\u00e4ft\u201c, hei\u00dft es im Vorwort, weil die Theologie ihre Bem\u00fchungen nicht auf einen f\u00fcr sie reservierten Raum am Sonntagvormittag konzentrieren d\u00fcrfe. Theologie k\u00f6nne zwar aus ihrer eigenen Expertise keine unmittelbaren Handlungsempfehlungen geben, sehr wohl aber eine zus\u00e4tzliche Dimension hinzuf\u00fcgen, die den Blick \u00fcber die eigenen Aussichten und Bef\u00fcrchtungen hinaus zu \u00f6ffnen vermag. <\/span><\/p>\n<p class=\"VELKDFlietext\" style=\"margin-bottom:0.0001pt; margin-left:0cm; margin-right:0cm; margin-top:0cm\">\u00a0<\/p>\n<p class=\"Default\" style=\"margin-bottom:0.0001pt; margin-left:0cm; margin-right:0cm; margin-top:0cm\"><em>Hinweis: Henning Thei\u00dfen, Ersch\u00f6pfte Sch\u00f6pfung. Theologische Aufs\u00e4tze aus der Corona-Krise, Hannover 2020 (Texte aus der VELKD, Nr. 187). Zum Download verf\u00fcgbar unter <\/em><em>www.velkd.de\/velkd-texte-187-Erschoepfte-Schoepfung<\/em><em>, Bestellung von Printexemplaren zu 2.00 \u20ac unter <\/em><em>versand@velkd.de<\/em><em>. <\/em><\/p>\n<p class=\"VELKDFlietext\" style=\"margin-bottom:0.0001pt; margin-left:0cm; margin-right:0cm; margin-top:0cm\">\u00a0<\/p>\n<p class=\"VELKDFlietext\" style=\"margin-bottom:0.0001pt; margin-left:0cm; margin-right:0cm; margin-top:0cm\"><span style=\"line-height:14pt\">Hannover, 16. Juli 2020<\/span><\/p>\n<p class=\"VELKDFlietext\" style=\"margin-bottom:0.0001pt; margin-left:0cm; margin-right:0cm; margin-top:0cm\">\u00a0<\/p>\n<p class=\"VELKDFlietext\" style=\"margin-bottom:0.0001pt; margin-left:0cm; margin-right:0cm; margin-top:0cm\"><span style=\"line-height:14pt\">Pressestelle der VELKD<\/span><\/p>\n<p class=\"VELKDFlietext\" style=\"margin-bottom:0.0001pt; margin-left:0cm; margin-right:0cm; margin-top:0cm\"><span style=\"line-height:14pt\">Henrike M\u00fcller<\/span><\/p>\n<\/div>\n","protected":false},"excerpt":{"rendered":"<p>16.07.2020Pressemitteilung Henning Thei\u00dfens \u201eTheologische Aufs\u00e4tze aus der Corona-Krise\u201c erscheinen in den \u201eTexten aus der VELKD\u201c Welchen eigenen Beitrag kann die<\/p>\n","protected":false},"author":1,"featured_media":611,"comment_status":"closed","ping_status":"closed","sticky":false,"template":"","format":"standard","meta":{"footnotes":""},"categories":[20],"tags":[],"_links":{"self":[{"href":"https:\/\/krankenhauspfarramt.de\/index.php\/wp-json\/wp\/v2\/posts\/1684"}],"collection":[{"href":"https:\/\/krankenhauspfarramt.de\/index.php\/wp-json\/wp\/v2\/posts"}],"about":[{"href":"https:\/\/krankenhauspfarramt.de\/index.php\/wp-json\/wp\/v2\/types\/post"}],"author":[{"embeddable":true,"href":"https:\/\/krankenhauspfarramt.de\/index.php\/wp-json\/wp\/v2\/users\/1"}],"replies":[{"embeddable":true,"href":"https:\/\/krankenhauspfarramt.de\/index.php\/wp-json\/wp\/v2\/comments?post=1684"}],"version-history":[{"count":1,"href":"https:\/\/krankenhauspfarramt.de\/index.php\/wp-json\/wp\/v2\/posts\/1684\/revisions"}],"predecessor-version":[{"id":1685,"href":"https:\/\/krankenhauspfarramt.de\/index.php\/wp-json\/wp\/v2\/posts\/1684\/revisions\/1685"}],"wp:featuredmedia":[{"embeddable":true,"href":"https:\/\/krankenhauspfarramt.de\/index.php\/wp-json\/wp\/v2\/media\/611"}],"wp:attachment":[{"href":"https:\/\/krankenhauspfarramt.de\/index.php\/wp-json\/wp\/v2\/media?parent=1684"}],"wp:term":[{"taxonomy":"category","embeddable":true,"href":"https:\/\/krankenhauspfarramt.de\/index.php\/wp-json\/wp\/v2\/categories?post=1684"},{"taxonomy":"post_tag","embeddable":true,"href":"https:\/\/krankenhauspfarramt.de\/index.php\/wp-json\/wp\/v2\/tags?post=1684"}],"curies":[{"name":"wp","href":"https:\/\/api.w.org\/{rel}","templated":true}]}}