{"id":1686,"date":"2020-07-17T13:12:02","date_gmt":"2020-07-17T13:12:02","guid":{"rendered":"https:\/\/krankenhauspfarramt.de\/index.php\/2020\/07\/17\/bedford-strohm-gratuliert-zentralrat-der-juden-zum-70-geburtstag-ekd\/"},"modified":"2020-07-17T13:12:06","modified_gmt":"2020-07-17T13:12:06","slug":"bedford-strohm-gratuliert-zentralrat-der-juden-zum-70-geburtstag-ekd","status":"publish","type":"post","link":"https:\/\/krankenhauspfarramt.de\/index.php\/2020\/07\/17\/bedford-strohm-gratuliert-zentralrat-der-juden-zum-70-geburtstag-ekd\/","title":{"rendered":"Bedford-Strohm gratuliert Zentralrat der Juden zum 70. Geburtstag \u2013 EKD"},"content":{"rendered":"<p> <br \/>\n<\/p>\n<div id=\"\">\n<p>Berlin (epd).\u00a0Der Ratsvorsitzende der Evangelischen\u00a0Kirche\u00a0in Deutschland (EKD), Heinrich Bedford-Strohm, hat den Zentralrat der Juden als &#8222;wichtige Stimme&#8220; der deutschen Zivilgesellschaft gew\u00fcrdigt. Immer wieder habe der Zentralrat die Bedeutung einer Erinnerungskultur in Deutschland hervorgehoben, sagte der Theologe. Der Zentralrat der Juden in Deutschland wird am Sonntag 70 Jahre alt.<\/p>\n<p>Wie sehr die j\u00fcdische Stimme ein unverzichtbarer Beitrag zur \u00f6ffentlichen Diskussion in Deutschland geworden sei, zeige das hohe Ansehen, das der derzeitige Vorsitzende des Zentralrats der Juden, Josef Schuster, genie\u00dfe. Schuster ist auch neues Mitglied des Deutschen Ethikrats.<\/p>\n<p>Das Jubil\u00e4um wird wegen der Corona-Pandemie digital mit verschiedenen Online-Formaten begangen, wie der Zentralrat in Berlin mitteilte. Derzeit geh\u00f6ren dem am 19. Juli 1950 in Frankfurt am Main gegr\u00fcndeten Zentralrat nach eigenen Angaben 105 j\u00fcdische Gemeinden mit rund 100.000 Mitgliedern an.<\/p>\n<p>&#8222;Was nach der Schoa als Provisorium startete, ist heute integraler Bestandteil der deutschen Gesellschaft. Das j\u00fcdische Leben geh\u00f6rt dazu&#8220;, erkl\u00e4rte Zentralratspr\u00e4sident Josef Schuster: &#8222;Wir sind in Deutschland zu Hause. Zugleich beobachten wir aufmerksam die politische und gesellschaftliche Entwicklung des Landes.&#8220;<\/p>\n<p>Bundespr\u00e4sident Frank-Walter Steinmeier w\u00fcrdigte den Zentralrat der Juden ebenfalls als bedeutsame Stimme, &#8222;die gebraucht und geh\u00f6rt wird&#8220;. Er dankte dem Rat f\u00fcr seinen Beitrag zur Entwicklung, Verankerung und \u00f6ffentlichen Wahrnehmung j\u00fcdischen Lebens in Deutschland. &#8222;Ich bin sehr dankbar, dass sich j\u00fcdisches Leben in Deutschland in seiner ganzen Vielfalt in den vergangenen Jahrzehnten entwickelt hat&#8220;, betonte er.<\/p>\n<p>Der Zentralrat der Juden in Deutschland sollte nach seiner Gr\u00fcndung zun\u00e4chst nur eine Interessenvertretung w\u00e4hrend einer \u00dcbergangszeit bis zur endg\u00fcltigen Ausreise sein. Zu den \u00dcberlebenden des Holocaust kamen die R\u00fcckkehrer aus dem Exil und Juden aus Osteuropa. In den Nachkriegsjahren blieb die Zahl der j\u00fcdischen Gemeinden in der Bundesrepublik relativ konstant. Etwa 26.000 Gemeindemitglieder bildeten rund 50 Gemeinden. In der DDR lebten nach offiziellen Angaben rund 500 Juden in f\u00fcnf Gemeinden, die 1990 in den Zentralrat aufgenommen wurden. Seit den 90er Jahren sind die Gemeinden durch Zuwanderung aus der ehemaligen Sowjetunion stark gewachsen.<\/p>\n<\/div>\n","protected":false},"excerpt":{"rendered":"<p>Berlin (epd).\u00a0Der Ratsvorsitzende der Evangelischen\u00a0Kirche\u00a0in Deutschland (EKD), Heinrich Bedford-Strohm, hat den Zentralrat der Juden als &#8222;wichtige Stimme&#8220; der deutschen Zivilgesellschaft<\/p>\n","protected":false},"author":1,"featured_media":1687,"comment_status":"closed","ping_status":"closed","sticky":false,"template":"","format":"standard","meta":{"footnotes":""},"categories":[20],"tags":[],"_links":{"self":[{"href":"https:\/\/krankenhauspfarramt.de\/index.php\/wp-json\/wp\/v2\/posts\/1686"}],"collection":[{"href":"https:\/\/krankenhauspfarramt.de\/index.php\/wp-json\/wp\/v2\/posts"}],"about":[{"href":"https:\/\/krankenhauspfarramt.de\/index.php\/wp-json\/wp\/v2\/types\/post"}],"author":[{"embeddable":true,"href":"https:\/\/krankenhauspfarramt.de\/index.php\/wp-json\/wp\/v2\/users\/1"}],"replies":[{"embeddable":true,"href":"https:\/\/krankenhauspfarramt.de\/index.php\/wp-json\/wp\/v2\/comments?post=1686"}],"version-history":[{"count":1,"href":"https:\/\/krankenhauspfarramt.de\/index.php\/wp-json\/wp\/v2\/posts\/1686\/revisions"}],"predecessor-version":[{"id":1688,"href":"https:\/\/krankenhauspfarramt.de\/index.php\/wp-json\/wp\/v2\/posts\/1686\/revisions\/1688"}],"wp:featuredmedia":[{"embeddable":true,"href":"https:\/\/krankenhauspfarramt.de\/index.php\/wp-json\/wp\/v2\/media\/1687"}],"wp:attachment":[{"href":"https:\/\/krankenhauspfarramt.de\/index.php\/wp-json\/wp\/v2\/media?parent=1686"}],"wp:term":[{"taxonomy":"category","embeddable":true,"href":"https:\/\/krankenhauspfarramt.de\/index.php\/wp-json\/wp\/v2\/categories?post=1686"},{"taxonomy":"post_tag","embeddable":true,"href":"https:\/\/krankenhauspfarramt.de\/index.php\/wp-json\/wp\/v2\/tags?post=1686"}],"curies":[{"name":"wp","href":"https:\/\/api.w.org\/{rel}","templated":true}]}}