{"id":1719,"date":"2020-07-28T07:47:16","date_gmt":"2020-07-28T07:47:16","guid":{"rendered":"https:\/\/krankenhauspfarramt.de\/index.php\/2020\/07\/28\/neue-wege-gehen-die-interkulturelle-woche-2020-findet-statt-ekd\/"},"modified":"2020-07-28T07:47:23","modified_gmt":"2020-07-28T07:47:23","slug":"neue-wege-gehen-die-interkulturelle-woche-2020-findet-statt-ekd","status":"publish","type":"post","link":"https:\/\/krankenhauspfarramt.de\/index.php\/2020\/07\/28\/neue-wege-gehen-die-interkulturelle-woche-2020-findet-statt-ekd\/","title":{"rendered":"Neue Wege gehen \u2013 die Interkulturelle Woche 2020 findet statt! \u2013 EKD"},"content":{"rendered":"<p> <br \/>\n<\/p>\n<div id=\"\">\n<p>27.07.2020. Seit Jahrzehnten findet allj\u00e4hrlich im September die bundesweite Interkulturelle Woche (IKW) statt mit rund 5.000 Veranstaltungen in mehr als 500 St\u00e4dten und Gemeinden (mehr zur Geschichte der IKW). Sie ist eine Initiative der Evangelischen Kirche in Deutschland (EKD), der Deutschen Bischofskonferenz (DBK) und der Griechisch-Orthodoxen Metropolie. Die IKW wird vor Ort vielfach von den Kommunen koordiniert \u2013 aber auch in vielen Kirchengemeinden hat sie ihren festen Platz im Jahreskalender. Friedensgebete der Religionen, gegenseitige Besuche von Angeh\u00f6rigen unterschiedlicher Religionsgemeinschaften und andere gemeinsame Veranstaltungen sind Formate, die von Gemeinden im Rahmen der IKW gestaltet und genutzt werden. Insbesondere zum Tag des Fl\u00fcchtlings, der als integraler Bestandteil der IKW immer am Freitag der Woche stattfindet, werden vielerorts Aktionen im kirchlichen Raum organisiert \u2013 mit starken Symbolen, etwa dem Aufh\u00e4ngen von Rettungswesten an Kircht\u00fcrmen. In vielen Kommunen ist zum Beispiel die Diakonie ma\u00dfgeblich an der Organisation und Koordination der IKW beteiligt.<\/p>\n<p>Charakteristisch f\u00fcr die IKW ist, dass die einzelnen Veranstaltungen von Initiativen und Organisationen dezentral vor Ort organisiert und durchgef\u00fchrt werden. Die Planungen dazu beginnen im Fr\u00fchsommer und sind 2020 vielerorts mit gro\u00dfen Fragezeichen versehen: Sollen Gemeinden und Initiativen mit den Planungen beginnen? Lassen sich die gewohnten Formate verwirklichen, wenn wom\u00f6glich bis in den September hinein Kontakteinschr\u00e4nkungen fortbestehen? Wird die IKW im Herbst bei einer fortdauernden dynamischen Entwicklung der Pandemie \u00fcberhaupt Geh\u00f6r finden? Also kurz: Lohnt sich der Aufwand, wenn nicht sicher ist, wo wir im Herbst stehen?<\/p>\n<p>Wir sagen: gerade jetzt! Denn besonders in der Krise mit ihren Kontaktbeschr\u00e4nkungen sind die Kernelemente der IKW besonders wichtig. Das Grundrezept der Interkulturellen Woche ist so einfach wie wirksam: Eigene Vorurteile k\u00f6nnen in der direkten Begegnung mit anderen \u00fcberwunden werden. Begegnung, Austausch und Dialog sind in den vergangenen Wochen schwergefallen. Umso wichtiger ist es, Wege zu finden, auch in diesem Jahr die Menschen zusammenzubringen.<\/p>\n<p>Ideen, wie das funktionieren kann, sammeln wir auf unserer Homepage www.interkulturellewoche.de: Veranstaltung k\u00f6nnen zum Beispiel live im Internet \u00fcbertragen werden, wenn sie wegen Abstandsregelungen nur mit kleinem Publikum stattfinden k\u00f6nnen. Smartmobs k\u00f6nnen mit Abstand stattfinden und Ausstellungen in Schaufenstern von Gesch\u00e4ften oder gleich ganz virtuell. Und auch f\u00fcr das Er\u00f6ffnungs- oder Abschlussfest, das vielerorts bisher fest zum IKW-Programm geh\u00f6rte, gibt es Alternativen.<\/p>\n<p>Es ist eine Zeit, Neues auszuprobieren, zu improvisieren und kreativ zu sein. Zeit andere Wege zu finden und zu gehen.<\/p>\n<p>Materialien zur Interkulturellen Woche stehen auf der Homepage zum Download bereit und k\u00f6nnen auch hier in gedruckter Form bestellt werden. In der Rubrik Die Interkulturelle Woche 2020 findet statt! informiert die Bundesgesch\u00e4ftsstelle \u00fcber aktuelle Entwicklungen, unter Good Practice werden Ideen f\u00fcr Veranstaltungsformate und Aktionen vorgestellt. Ausf\u00fchrliche Argumente, warum die IKW 2020 stattfinden muss, sind in diesem Artikel zu finden.<\/p>\n<p style=\"text-align:right\">Text: Friederike Ekol<\/p>\n<hr\/>\n<p><em>Dies ist ein Gastbeitrag von Friederike Ekol. Sie ist Politologin und Gesch\u00e4ftsf\u00fchrerin des bundesweiten \u00d6kumenischen Vorbereitungsausschusses zur Interkulturellen Woche mit Sitz in Frankfurt am Main. Wenn Sie Fragen zur Interkulturellen Woche haben, k\u00f6nnen Sie sich direkt an info@interkulturellewoche.de wenden oder die Website www.interkulturellewoche.de besuchen.<\/em><\/p>\n<\/div>\n","protected":false},"excerpt":{"rendered":"<p>27.07.2020. Seit Jahrzehnten findet allj\u00e4hrlich im September die bundesweite Interkulturelle Woche (IKW) statt mit rund 5.000 Veranstaltungen in mehr als<\/p>\n","protected":false},"author":1,"featured_media":1720,"comment_status":"closed","ping_status":"closed","sticky":false,"template":"","format":"standard","meta":{"footnotes":""},"categories":[20],"tags":[],"_links":{"self":[{"href":"https:\/\/krankenhauspfarramt.de\/index.php\/wp-json\/wp\/v2\/posts\/1719"}],"collection":[{"href":"https:\/\/krankenhauspfarramt.de\/index.php\/wp-json\/wp\/v2\/posts"}],"about":[{"href":"https:\/\/krankenhauspfarramt.de\/index.php\/wp-json\/wp\/v2\/types\/post"}],"author":[{"embeddable":true,"href":"https:\/\/krankenhauspfarramt.de\/index.php\/wp-json\/wp\/v2\/users\/1"}],"replies":[{"embeddable":true,"href":"https:\/\/krankenhauspfarramt.de\/index.php\/wp-json\/wp\/v2\/comments?post=1719"}],"version-history":[{"count":1,"href":"https:\/\/krankenhauspfarramt.de\/index.php\/wp-json\/wp\/v2\/posts\/1719\/revisions"}],"predecessor-version":[{"id":1721,"href":"https:\/\/krankenhauspfarramt.de\/index.php\/wp-json\/wp\/v2\/posts\/1719\/revisions\/1721"}],"wp:featuredmedia":[{"embeddable":true,"href":"https:\/\/krankenhauspfarramt.de\/index.php\/wp-json\/wp\/v2\/media\/1720"}],"wp:attachment":[{"href":"https:\/\/krankenhauspfarramt.de\/index.php\/wp-json\/wp\/v2\/media?parent=1719"}],"wp:term":[{"taxonomy":"category","embeddable":true,"href":"https:\/\/krankenhauspfarramt.de\/index.php\/wp-json\/wp\/v2\/categories?post=1719"},{"taxonomy":"post_tag","embeddable":true,"href":"https:\/\/krankenhauspfarramt.de\/index.php\/wp-json\/wp\/v2\/tags?post=1719"}],"curies":[{"name":"wp","href":"https:\/\/api.w.org\/{rel}","templated":true}]}}