{"id":1727,"date":"2020-07-29T16:23:32","date_gmt":"2020-07-29T16:23:32","guid":{"rendered":"https:\/\/krankenhauspfarramt.de\/index.php\/2020\/07\/29\/erstmals-gemeinsames-gedenken-an-ns-voelkermord-in-auschwitz-ekd\/"},"modified":"2020-07-29T16:23:35","modified_gmt":"2020-07-29T16:23:35","slug":"erstmals-gemeinsames-gedenken-an-ns-voelkermord-in-auschwitz-ekd","status":"publish","type":"post","link":"https:\/\/krankenhauspfarramt.de\/index.php\/2020\/07\/29\/erstmals-gemeinsames-gedenken-an-ns-voelkermord-in-auschwitz-ekd\/","title":{"rendered":"Erstmals gemeinsames Gedenken an NS-V\u00f6lkermord in Auschwitz \u2013 EKD"},"content":{"rendered":"<p> <br \/>\n<\/p>\n<div id=\"\">\n<p>Zum Gedenken an die Schoa und den V\u00f6lkermord an Sinti und Roma 75 Jahre nach der Befreiung wird gemeinsam mit dem Pr\u00e4sidenten des Zentralrats der Juden in Deutschland, Josef Schuster, und dem Vorsitzenden des Zentralrats Deutscher Sinti und Roma, Romani Rose, eine Delegation der Evangelischen Kirche in Deutschland (EKD), darunter der Vorsitzende des Rates der EKD, Landesbischof Heinrich Bedford-Strohm, und die Pr\u00e4ses der Synode der EKD, Irmgard Schwaetzer, vom 2. bis 4. August 2020 die KZ-Gedenkst\u00e4tte Auschwitz besuchen. Geplant ist auch die Teilnahme an der Gedenkfeier anl\u00e4sslich des vom Europ\u00e4ischen Parlament initiierten Europ\u00e4ischen Holocaust-Gedenktages f\u00fcr Sinti und Roma am 2. August gemeinsam mit Romani Rose. Bei dieser Gedenkveranstaltung wird der 500.000 ermordeten Sinti und Roma im von den Nationalsozialisten besetzten Europa gedacht.<\/p>\n<\/div>\n<div id=\"\"><!-- SRC:  --><\/p>\n<aside class=\"article--aside quintus teaser teaser__related rs_skip rs_preserve\">\n<div class=\"teaser--article teaser--content\">\n<figure class=\"teaser--image\"><picture><source media=\"(max-width:935px)\" srcset=\"https:\/\/ekd.de\/ekd_de\/ds_img\/assets_1875_x\/20190628_iStockphoto-Maor%20Winetrob_christlich-juedischer-Dialog_1875_rdax_625x352_60.jpg 1x, https:\/\/ekd.de\/ekd_de\/ds_img\/assets_1875_x\/20190628_iStockphoto-Maor%20Winetrob_christlich-juedischer-Dialog_1875_rdax_1250x704_60.jpg 2x, https:\/\/ekd.de\/ekd_de\/ds_img\/assets_1875_x\/20190628_iStockphoto-Maor%20Winetrob_christlich-juedischer-Dialog_1875_rdax_60.jpg 3x\"><source media=\"(min-width:934px)\" srcset=\"https:\/\/ekd.de\/ekd_de\/ds_img\/assets_1875_x\/20190628_iStockphoto-Maor%20Winetrob_christlich-juedischer-Dialog_1875_rdax_360x203_70.jpg 1x, https:\/\/ekd.de\/ekd_de\/ds_img\/assets_1875_x\/20190628_iStockphoto-Maor%20Winetrob_christlich-juedischer-Dialog_1875_rdax_720x406_70.jpg 2x, https:\/\/ekd.de\/ekd_de\/ds_img\/assets_1875_x\/20190628_iStockphoto-Maor%20Winetrob_christlich-juedischer-Dialog_1875_rdax_1080x608_70.jpg 3x\"><\/source><\/source><\/picture><figcaption\/><\/figure>\n<p class=\"quintus--text teaser--text\">Die Erneuerung des christlich-j\u00fcdischen Verh\u00e4ltnisses nach der Katastrophe der Shoah und der Dialog mit dem Judentum geh\u00f6ren heute zu den zentralen Aufgaben der Kirche. Die EKD f\u00f6rdert Dialog und Begegnung mit Menschen j\u00fcdischen Glaubens.<\/p>\n<\/p><\/div>\n<\/aside>\n<div class=\"article--content\">\n<p>Aufgrund der Corona-Pandemie ist die Teilnehmerzahl begrenzt. Die Zeremonie wird aber online auf einer eigens eingerichteten Homepage zu sehen sein (https:\/\/www.roma-sinti-holocaust-memorial-day.eu\/). Auf der Seite sind dar\u00fcber hinaus zahlreiche Videostatements von \u00dcberlebenden, Politikerinnen und Politikern zu finden.<\/p>\n<p>Website:\u00a0European Holocaust Memorial Day for Sinti and Roma<\/p>\n<\/p><\/div>\n<\/div>\n","protected":false},"excerpt":{"rendered":"<p>Zum Gedenken an die Schoa und den V\u00f6lkermord an Sinti und Roma 75 Jahre nach der Befreiung wird gemeinsam mit<\/p>\n","protected":false},"author":1,"featured_media":569,"comment_status":"closed","ping_status":"closed","sticky":false,"template":"","format":"standard","meta":{"footnotes":""},"categories":[20],"tags":[],"_links":{"self":[{"href":"https:\/\/krankenhauspfarramt.de\/index.php\/wp-json\/wp\/v2\/posts\/1727"}],"collection":[{"href":"https:\/\/krankenhauspfarramt.de\/index.php\/wp-json\/wp\/v2\/posts"}],"about":[{"href":"https:\/\/krankenhauspfarramt.de\/index.php\/wp-json\/wp\/v2\/types\/post"}],"author":[{"embeddable":true,"href":"https:\/\/krankenhauspfarramt.de\/index.php\/wp-json\/wp\/v2\/users\/1"}],"replies":[{"embeddable":true,"href":"https:\/\/krankenhauspfarramt.de\/index.php\/wp-json\/wp\/v2\/comments?post=1727"}],"version-history":[{"count":1,"href":"https:\/\/krankenhauspfarramt.de\/index.php\/wp-json\/wp\/v2\/posts\/1727\/revisions"}],"predecessor-version":[{"id":1728,"href":"https:\/\/krankenhauspfarramt.de\/index.php\/wp-json\/wp\/v2\/posts\/1727\/revisions\/1728"}],"wp:featuredmedia":[{"embeddable":true,"href":"https:\/\/krankenhauspfarramt.de\/index.php\/wp-json\/wp\/v2\/media\/569"}],"wp:attachment":[{"href":"https:\/\/krankenhauspfarramt.de\/index.php\/wp-json\/wp\/v2\/media?parent=1727"}],"wp:term":[{"taxonomy":"category","embeddable":true,"href":"https:\/\/krankenhauspfarramt.de\/index.php\/wp-json\/wp\/v2\/categories?post=1727"},{"taxonomy":"post_tag","embeddable":true,"href":"https:\/\/krankenhauspfarramt.de\/index.php\/wp-json\/wp\/v2\/tags?post=1727"}],"curies":[{"name":"wp","href":"https:\/\/api.w.org\/{rel}","templated":true}]}}