{"id":1792,"date":"2020-08-14T20:47:55","date_gmt":"2020-08-14T20:47:55","guid":{"rendered":"https:\/\/krankenhauspfarramt.de\/index.php\/2020\/08\/14\/wir-muessen-kraefte-der-versoehnung-sein-ekd\/"},"modified":"2020-08-14T20:47:56","modified_gmt":"2020-08-14T20:47:56","slug":"wir-muessen-kraefte-der-versoehnung-sein-ekd","status":"publish","type":"post","link":"https:\/\/krankenhauspfarramt.de\/index.php\/2020\/08\/14\/wir-muessen-kraefte-der-versoehnung-sein-ekd\/","title":{"rendered":"\u201eWir m\u00fcssen Kr\u00e4fte der Vers\u00f6hnung sein\u201c \u2013 EKD"},"content":{"rendered":"<p> <br \/>\n<\/p>\n<div id=\"\">\n<div class=\"article--meta article--meta__border clearfix\">\n<p>                                    <time datetime=\"04.08.2020 17:00\" class=\"article--time\">04.08.2020<\/time><strong class=\"article--type primus--overline\">Pressemitteilung<\/strong><\/p>\n<picture class=\"article--source-image image\"><source srcset=\"https:\/\/ekd.de\/ekd_de\/ds_img\/assets\/20170622_ekd-Quellenlogo_141.png\"><!--<source srcset=\"\/ekd_de\/ds_img\/assets\/20170622_ekd-Quellenlogo_141_rdax_141x59.png 1x, \/ekd_de\/ds_img\/assets\/20170622_ekd-Quellenlogo_141_rdax_282x118.png 2x, https:\/\/ekd.de\/ekd_de\/ds_img\/assets\/20170622_ekd-Quellenlogo_141.png 3x\">--><\/source><\/picture>\n<\/p><\/div>\n<h2 class=\"article--sub-headline primus--sub-headline\">Gedenkreise nach Auschwitz endet mit Gespr\u00e4chen mit polnischen Kirchen. EKD unterst\u00fctzt KZ-Gedenkst\u00e4tte und Jugendbegegnungsst\u00e4tte mit 50 000 Euro<\/h2>\n<\/p><\/div>\n<div id=\"\">\n<p style=\"margin-bottom:0.0001pt; margin-left:0cm; margin-right:0cm; margin-top:0cm\">Mit einem Treffen mit Spitzenvertretern des Polnischen \u00d6kumenischen Rates (P\u00d6R) ist heute die Gedenkreise einer Delegation von Rat und Synode der Evangelischen Kirche in Deutschland (EKD) nach Auschwitz zu Ende gegangen. Nach ihrem dreit\u00e4gigen Besuch in der Gedenkst\u00e4tte Auschwitz-Birkenau gab die EKD-Delegation bekannt, die dortige Arbeit auch finanziell zu unterst\u00fctzen. \u201eWir werden die Arbeit der KZ-Gedenkst\u00e4tte mit einer Spende in H\u00f6he von 25 000 Euro f\u00f6rdern\u201c, k\u00fcndigte Irmgard Schwaetzer, Pr\u00e4ses der EKD-Synode, an. Dieses Geld soll in die wichtige Bildungsarbeit der Gedenkst\u00e4tte investiert werden. Mit einer weiteren Spende von 25 000 Euro wird die EKD die Arbeit der Internationalen Jugendbegegnungsst\u00e4tte in Auschwitz unterst\u00fctzen.<\/p>\n<p style=\"margin-bottom:0.0001pt; margin-left:0cm; margin-right:0cm; margin-top:0cm\">\u00a0<\/p>\n<p style=\"margin-bottom:0.0001pt; margin-left:0cm; margin-right:0cm; margin-top:0cm\">Auf ihrer Gedenkreise 75 Jahre nach Befreiung des Konzentrationslagers, hatte die EKD-Delegation der Millionen im Holocaust ermordeten Opfer des Nationalsozialismus gedacht. Begleitet wurde sie dabei von Josef Schuster, Pr\u00e4sident des Zentralrates der Juden in Deutschland, und Romani Rose, Vorsitzender des Zentralrates Deutscher Sinti und Roma. \u201eAuch Christen haben schwere Schuld auf sich geladen, indem sie nicht eingeschritten sind\u201c, erinnerte Pr\u00e4ses Schwaetzer an die Schuldgeschichte der evangelischen Kirche im Nationalsozialismus. Umso bewegender sei deshalb der gemeinsame Besuch mit Schuster und Rose gewesen: \u201eDieser Besuch wird auch f\u00fcr die Zukunft eine gro\u00dfe Rolle spielen \u2013 auch f\u00fcr mich pers\u00f6nlich.\u201c<\/p>\n<p style=\"margin-bottom:0.0001pt; margin-left:0cm; margin-right:0cm; margin-top:0cm\">\u00a0<\/p>\n<p style=\"margin-bottom:0.0001pt; margin-left:0cm; margin-right:0cm; margin-top:0cm\">Die gemeinsame Verantwortung f\u00fcr die Zukunft stand auch im Mittelpunkt der Begegnung mit dem Polnischen \u00d6kumenischen Rat. \u201eWir m\u00f6chten gemeinsam unsere Zukunft bauen.\u201c sagte der Pr\u00e4sident des P\u00d6R, Bischof Jerzy Samiec. \u201eDieser Ort bewegt uns, uns an die Geschichte zu erinnern, und zu versuchen, gef\u00e4hrliche Entwicklungen in der Gegenwart aufzufangen. Dazu sei eine Zusammenarbeit der Kirchen eine unerl\u00e4ssliche Voraussetzung. \u201eWir haben gemeinsam gesp\u00fcrt, dass wir heute Kr\u00e4fte der Vers\u00f6hnung sein m\u00fcssen und allem was Gewalt hervorbringt entschieden entgegentreten m\u00fcssen&#8220;, sagte der EKD-Ratsvorsitzende Heinrich Bedford-Strohm nach der Begegnung. \u201eDas ist unser Auftrag als Christen.\u201c<\/p>\n<p class=\"EKDAdressdaten\" style=\"margin-bottom:0.0001pt; margin-left:0cm; margin-right:0cm; margin-top:0cm\">\u00a0<\/p>\n<p class=\"EKDAdressdaten\" style=\"margin-bottom:0.0001pt; margin-left:0cm; margin-right:0cm; margin-top:0cm\">Hannover, 4. August 2020<\/p>\n<p class=\"EKDAdressdaten\" style=\"margin-bottom:0.0001pt; margin-left:0cm; margin-right:0cm; margin-top:0cm\">\u00a0<\/p>\n<p class=\"EKDAdressdaten\" style=\"margin-bottom:0.0001pt; margin-left:0cm; margin-right:0cm; margin-top:0cm\">Carsten Splitt<\/p>\n<p class=\"EKDAdressdaten\" style=\"margin-bottom:0.0001pt; margin-left:0cm; margin-right:0cm; margin-top:0cm\">Pressestelle der EKD<\/p>\n<\/div>\n","protected":false},"excerpt":{"rendered":"<p>04.08.2020Pressemitteilung Gedenkreise nach Auschwitz endet mit Gespr\u00e4chen mit polnischen Kirchen. EKD unterst\u00fctzt KZ-Gedenkst\u00e4tte und Jugendbegegnungsst\u00e4tte mit 50 000 Euro Mit<\/p>\n","protected":false},"author":1,"featured_media":569,"comment_status":"closed","ping_status":"closed","sticky":false,"template":"","format":"standard","meta":{"footnotes":""},"categories":[20],"tags":[],"_links":{"self":[{"href":"https:\/\/krankenhauspfarramt.de\/index.php\/wp-json\/wp\/v2\/posts\/1792"}],"collection":[{"href":"https:\/\/krankenhauspfarramt.de\/index.php\/wp-json\/wp\/v2\/posts"}],"about":[{"href":"https:\/\/krankenhauspfarramt.de\/index.php\/wp-json\/wp\/v2\/types\/post"}],"author":[{"embeddable":true,"href":"https:\/\/krankenhauspfarramt.de\/index.php\/wp-json\/wp\/v2\/users\/1"}],"replies":[{"embeddable":true,"href":"https:\/\/krankenhauspfarramt.de\/index.php\/wp-json\/wp\/v2\/comments?post=1792"}],"version-history":[{"count":1,"href":"https:\/\/krankenhauspfarramt.de\/index.php\/wp-json\/wp\/v2\/posts\/1792\/revisions"}],"predecessor-version":[{"id":1793,"href":"https:\/\/krankenhauspfarramt.de\/index.php\/wp-json\/wp\/v2\/posts\/1792\/revisions\/1793"}],"wp:featuredmedia":[{"embeddable":true,"href":"https:\/\/krankenhauspfarramt.de\/index.php\/wp-json\/wp\/v2\/media\/569"}],"wp:attachment":[{"href":"https:\/\/krankenhauspfarramt.de\/index.php\/wp-json\/wp\/v2\/media?parent=1792"}],"wp:term":[{"taxonomy":"category","embeddable":true,"href":"https:\/\/krankenhauspfarramt.de\/index.php\/wp-json\/wp\/v2\/categories?post=1792"},{"taxonomy":"post_tag","embeddable":true,"href":"https:\/\/krankenhauspfarramt.de\/index.php\/wp-json\/wp\/v2\/tags?post=1792"}],"curies":[{"name":"wp","href":"https:\/\/api.w.org\/{rel}","templated":true}]}}