{"id":1794,"date":"2020-08-14T21:42:42","date_gmt":"2020-08-14T21:42:42","guid":{"rendered":"https:\/\/krankenhauspfarramt.de\/index.php\/2020\/08\/14\/das-ende-der-partnerschaft-ekd\/"},"modified":"2020-08-14T21:42:43","modified_gmt":"2020-08-14T21:42:43","slug":"das-ende-der-partnerschaft-ekd","status":"publish","type":"post","link":"https:\/\/krankenhauspfarramt.de\/index.php\/2020\/08\/14\/das-ende-der-partnerschaft-ekd\/","title":{"rendered":"Das Ende der Partnerschaft \u2013 EKD"},"content":{"rendered":"<p> <br \/>\n<\/p>\n<div>\n<h6 class=\"article--p-title primus--p-title\">Artikel von Peter Noss in \u201ezeitzeichen\u201c (7-2020)<\/h6>\n<p>Zwei der wichtigsten Institutionen in der Kommune sind mit vielen Sinnen erlebbar, h\u00f6rbar, sichtbar. Und nicht wenige B\u00fcrgerinnen und B\u00fcrger geh\u00f6ren beiden an: Kirchengemeinde und Sportverein. Wie steht es um das Miteinander, den Austausch, den kritischen Dialog dieser gesellschaftlichen Player? Zumindest zwischen Kirche und Sport gibt es seit den 1960er-Jahren ein geregeltes Miteinander in Arbeitskreisen, durch Akademietagungen, Studienkurse und Spitzengespr\u00e4che. Es war ein Prozess der Ann\u00e4herung, ein (mehr oder weniger) wohlwollender Austausch im Sinne einer \u201ePartnerschaft\u201c, auch mit Streit und Differenz. Wolfgang Huber, einer der Protagonisten dieser Partnerschaft, stellte k\u00fcrzlich die Frage nach der Tragf\u00e4higkeit dieses Konzeptes. Beim f\u00fcnfzigsten Studienkurs \u201eKirche und Sport\u201c der EKD wurde Bilanz gezogen: Wie immer waren Sportfunktion\u00e4re, Sportwissenschaftler, Theologinnen und Praktiker mit dabei. Ethiklexika, Sammelb\u00e4nde zu verschiedenen Themen, Thesenpapiere und Forschungsarbeiten waren Ergebnisse der Partnerschaft, die in die Krise geraten ist. Das ist gesellschaftlichen Ver\u00e4nderungen geschuldet, auf die nun reagiert werden muss. Denn nach wie vor, so auch die Meinung von Sportwissenschaftlern wie Matthias Kr\u00fcger (M\u00fcnster) oder Stefan Schneider (K\u00f6ln), liegt eine gro\u00dfe Chance im Austausch. Doch wie kann der k\u00fcnftig gestaltet werden?\u00a0<\/p>\n<p>Den kompletten Artikel aus \u201ezeitzeichen\u201c finden Sie als Download.<\/p>\n<\/p><\/div>\n","protected":false},"excerpt":{"rendered":"<p>Artikel von Peter Noss in \u201ezeitzeichen\u201c (7-2020) Zwei der wichtigsten Institutionen in der Kommune sind mit vielen Sinnen erlebbar, h\u00f6rbar,<\/p>\n","protected":false},"author":1,"featured_media":1795,"comment_status":"closed","ping_status":"closed","sticky":false,"template":"","format":"standard","meta":{"footnotes":""},"categories":[20],"tags":[],"_links":{"self":[{"href":"https:\/\/krankenhauspfarramt.de\/index.php\/wp-json\/wp\/v2\/posts\/1794"}],"collection":[{"href":"https:\/\/krankenhauspfarramt.de\/index.php\/wp-json\/wp\/v2\/posts"}],"about":[{"href":"https:\/\/krankenhauspfarramt.de\/index.php\/wp-json\/wp\/v2\/types\/post"}],"author":[{"embeddable":true,"href":"https:\/\/krankenhauspfarramt.de\/index.php\/wp-json\/wp\/v2\/users\/1"}],"replies":[{"embeddable":true,"href":"https:\/\/krankenhauspfarramt.de\/index.php\/wp-json\/wp\/v2\/comments?post=1794"}],"version-history":[{"count":1,"href":"https:\/\/krankenhauspfarramt.de\/index.php\/wp-json\/wp\/v2\/posts\/1794\/revisions"}],"predecessor-version":[{"id":1796,"href":"https:\/\/krankenhauspfarramt.de\/index.php\/wp-json\/wp\/v2\/posts\/1794\/revisions\/1796"}],"wp:featuredmedia":[{"embeddable":true,"href":"https:\/\/krankenhauspfarramt.de\/index.php\/wp-json\/wp\/v2\/media\/1795"}],"wp:attachment":[{"href":"https:\/\/krankenhauspfarramt.de\/index.php\/wp-json\/wp\/v2\/media?parent=1794"}],"wp:term":[{"taxonomy":"category","embeddable":true,"href":"https:\/\/krankenhauspfarramt.de\/index.php\/wp-json\/wp\/v2\/categories?post=1794"},{"taxonomy":"post_tag","embeddable":true,"href":"https:\/\/krankenhauspfarramt.de\/index.php\/wp-json\/wp\/v2\/tags?post=1794"}],"curies":[{"name":"wp","href":"https:\/\/api.w.org\/{rel}","templated":true}]}}