{"id":1799,"date":"2020-08-15T01:50:38","date_gmt":"2020-08-15T01:50:38","guid":{"rendered":"https:\/\/krankenhauspfarramt.de\/index.php\/2020\/08\/15\/beziehung-zu-mitgliedern-staerken-ekd\/"},"modified":"2020-08-15T01:50:40","modified_gmt":"2020-08-15T01:50:40","slug":"beziehung-zu-mitgliedern-staerken-ekd","status":"publish","type":"post","link":"https:\/\/krankenhauspfarramt.de\/index.php\/2020\/08\/15\/beziehung-zu-mitgliedern-staerken-ekd\/","title":{"rendered":"Beziehung zu Mitgliedern st\u00e4rken \u2013 EKD"},"content":{"rendered":"<p> <br \/>\n<\/p>\n<div id=\"\">\n<p>Frankfurt a.M. (epd). Als Reaktion auf die hohen Austrittszahlen schl\u00e4gt der hessen-nassauische Kirchenpr\u00e4sident Volker Jung vor, dass die Gemeinden die Beziehung zu ihren Mitgliedern personal und digital st\u00e4rken. Auch m\u00fcssten sie enger zusammenarbeiten, Schwerpunkte setzen und sich st\u00e4rker zum Gemeinwesen hin \u00f6ffnen, sagte Jung am 13. August in Frankfurt am Main. Die Evangelische Kirche in Hessen und Nassau verlor 2019 so viele Mitglieder wie nie zuvor. Sie rutschte mit einem Minus von 2,2 Prozent (Vorjahr 2,1 Prozent) erstmals unter die Marke von 1,5 Millionen.<\/p>\n<h3>Kirchensteuersystem nicht grunds\u00e4tzlich in Frage stellen<\/h3>\n<p>Die Bekanntgabe der Zahlen Ende Juni habe ihn sehr geschmerzt, sagte der Kirchenpr\u00e4sident. Daf\u00fcr gebe es viele Gr\u00fcnde, etwa die Individualisierung, der Traditionsabbruch und die Tatsache, dass Religion verhaltener gelebt werde als fr\u00fcher. Aber auch das finanzielle Motiv vor allem in der Gruppe der 25- bis 35-J\u00e4hrigen d\u00fcrfe man nicht gering sch\u00e4tzen. Deshalb m\u00fcsse man \u00fcber Steuererleichterungen in dieser Lebensphase nachdenken. Jung warnte allerdings davor, das Kirchensteuersystem als Ganzes infrage zu stellen. \u201eDas w\u00fcrde dazu f\u00fchren, dass wir uns aus vielen Arbeitsfeldern zur\u00fcckziehen m\u00fcssten.\u201c<\/p>\n<p>Der Kirchenpr\u00e4sident zeigte sich zuversichtlich, dass der \u00d6kumenische Kirchentag im Mai 2021 in Frankfurt am Main stattfinden k\u00f6nne. Der Wille bei allen Partnern sei da, ihn zu feiern, \u201eund zwar nicht nur in digitaler Form\u201c. Die endg\u00fcltige Entscheidung werde im September\/Oktober fallen.<\/p>\n<p>Die Kirchen seien auch gut aus den ersten Monaten der Corona-Pandemie herausgekommen, setzte Jung hinzu. Anfangs sei es zwar schwergefallen, auf Zusammenk\u00fcnfte in Kirchen zu verzichten. Die Gemeinden h\u00e4tten aber kreativ auf die Situation reagiert. So sei es gelungen, in \u201eneuer medialer Gemeinschaft\u201c und sp\u00e4ter auch mit Einhaltung der Abstands- und Hygieneregeln \u201edie gro\u00dfe Katastrophe\u201c zu vermeiden. Die Kirchen seien f\u00fcr das Gebet Einzelner ge\u00f6ffnet gewesen und auch die Seelsorger in Krankenh\u00e4usern und Altenheimen h\u00e4tten die Menschen begleiten k\u00f6nnen.<\/p>\n<\/div>\n","protected":false},"excerpt":{"rendered":"<p>Frankfurt a.M. (epd). Als Reaktion auf die hohen Austrittszahlen schl\u00e4gt der hessen-nassauische Kirchenpr\u00e4sident Volker Jung vor, dass die Gemeinden die<\/p>\n","protected":false},"author":1,"featured_media":1230,"comment_status":"closed","ping_status":"closed","sticky":false,"template":"","format":"standard","meta":{"footnotes":""},"categories":[20],"tags":[],"_links":{"self":[{"href":"https:\/\/krankenhauspfarramt.de\/index.php\/wp-json\/wp\/v2\/posts\/1799"}],"collection":[{"href":"https:\/\/krankenhauspfarramt.de\/index.php\/wp-json\/wp\/v2\/posts"}],"about":[{"href":"https:\/\/krankenhauspfarramt.de\/index.php\/wp-json\/wp\/v2\/types\/post"}],"author":[{"embeddable":true,"href":"https:\/\/krankenhauspfarramt.de\/index.php\/wp-json\/wp\/v2\/users\/1"}],"replies":[{"embeddable":true,"href":"https:\/\/krankenhauspfarramt.de\/index.php\/wp-json\/wp\/v2\/comments?post=1799"}],"version-history":[{"count":1,"href":"https:\/\/krankenhauspfarramt.de\/index.php\/wp-json\/wp\/v2\/posts\/1799\/revisions"}],"predecessor-version":[{"id":1800,"href":"https:\/\/krankenhauspfarramt.de\/index.php\/wp-json\/wp\/v2\/posts\/1799\/revisions\/1800"}],"wp:featuredmedia":[{"embeddable":true,"href":"https:\/\/krankenhauspfarramt.de\/index.php\/wp-json\/wp\/v2\/media\/1230"}],"wp:attachment":[{"href":"https:\/\/krankenhauspfarramt.de\/index.php\/wp-json\/wp\/v2\/media?parent=1799"}],"wp:term":[{"taxonomy":"category","embeddable":true,"href":"https:\/\/krankenhauspfarramt.de\/index.php\/wp-json\/wp\/v2\/categories?post=1799"},{"taxonomy":"post_tag","embeddable":true,"href":"https:\/\/krankenhauspfarramt.de\/index.php\/wp-json\/wp\/v2\/tags?post=1799"}],"curies":[{"name":"wp","href":"https:\/\/api.w.org\/{rel}","templated":true}]}}