{"id":1812,"date":"2020-08-17T10:35:48","date_gmt":"2020-08-17T10:35:48","guid":{"rendered":"https:\/\/krankenhauspfarramt.de\/index.php\/2020\/08\/17\/orgel-des-monats-august-2020-in-breklum-ekd\/"},"modified":"2020-08-17T10:35:50","modified_gmt":"2020-08-17T10:35:50","slug":"orgel-des-monats-august-2020-in-breklum-ekd","status":"publish","type":"post","link":"https:\/\/krankenhauspfarramt.de\/index.php\/2020\/08\/17\/orgel-des-monats-august-2020-in-breklum-ekd\/","title":{"rendered":"\u201eOrgel des Monats August 2020\u201c in Breklum \u2013 EKD"},"content":{"rendered":"<p> <br \/>\n<\/p>\n<div id=\"\">\n<div class=\"article--meta article--meta__border clearfix\">\n<p>                                    <time datetime=\"17.08.2020 10:15\" class=\"article--time\">17.08.2020<\/time><strong class=\"article--type primus--overline\">Pressemitteilung<\/strong><\/p>\n<picture class=\"article--source-image image\"><source srcset=\"https:\/\/ekd.de\/ekd_de\/ds_img\/assets\/20170622_ekd-Quellenlogo_141.png\"><!--<source srcset=\"\/ekd_de\/ds_img\/assets\/20170622_ekd-Quellenlogo_141_rdax_141x59.png 1x, \/ekd_de\/ds_img\/assets\/20170622_ekd-Quellenlogo_141_rdax_282x118.png 2x, https:\/\/ekd.de\/ekd_de\/ds_img\/assets\/20170622_ekd-Quellenlogo_141.png 3x\">--><\/source><\/picture>\n<\/p><\/div>\n<h2 class=\"article--sub-headline primus--sub-headline\">Wiederbelebung eines originalen Klangs<\/h2>\n<\/p><\/div>\n<div id=\"\">\n<p style=\"margin-bottom:0.0001pt; margin-left:0cm; margin-right:0cm; margin-top:0cm\">Die 1857 von der d\u00e4nischen Firma Marcussen gebaute Orgel in Breklum (Schleswig-Holstein) ist die \u201eOrgel des Monats August 2020\u201c der Stiftung Orgelklang. Das Instrument soll von Schimmel befreit und zum originalen Klangbild zur\u00fcckgef\u00fchrt werden. Die von der Evangelischen Kirche in Deutschland (EKD) gegr\u00fcndete Stiftung f\u00f6rdert die Sanierung, eine Projektspende inklusive, mit 7.000 Euro.<\/p>\n<p style=\"margin-bottom:0.0001pt; margin-left:0cm; margin-right:0cm; margin-top:0cm\">\u00a0<\/p>\n<p style=\"margin-bottom:0.0001pt; margin-left:0cm; margin-right:0cm; margin-top:0cm\">Insbesondere Umbauten in der Mitte des 20. Jahrhunderts, durch die der eher fr\u00fchromantische Klang der Orgel dem damals bevorzugten neobarocken Ideal angepasst wurde, haben zu dem heute nicht mehr stimmigen Klangbild gef\u00fchrt. Rund 40.000 Euro werden Sanierung und klangliche R\u00fcckf\u00fchrung kosten. Die Finanzierung &#8211; 9.000 Euro an Spenden aus der Gemeinde und die F\u00f6rderung durch die Stiftung Orgelklang eingeschlossen &#8211; ist gesichert. Theoretisch h\u00e4tte das Instrument sogar von der Erbauer-Firma instandgesetzt werden k\u00f6nnen. Das Unternehmen, 1806 von J\u00fcrgen Marcussen gegr\u00fcndet, wird heute in siebter Generation in Aabenraa gef\u00fchrt. Mehr als 1100 Konzert- und Kirchenorgeln, zum Beispiel die vier Orgelwerke in der Sint-Laurenskerk in Rotterdam, sind bisher dort entstanden. \u201eF\u00fcr uns war der Auftrag dort zu teuer\u201c, bedauert Carsten Thoroe, Vorsitzender des Breklumer Kirchbauvereins.<\/p>\n<p style=\"margin-bottom:0.0001pt; margin-left:0cm; margin-right:0cm; margin-top:0cm\">\u00a0<\/p>\n<p style=\"margin-bottom:0.0001pt; margin-left:0cm; margin-right:0cm; margin-top:0cm\">Dass die Arbeiten an der Marcussen-Orgel noch nicht begonnen haben, liegt vor allem an der guten Auftragslage in der Branche: Die beauftragte Firma wird erst Anfang des n\u00e4chsten Jahres in Breklum t\u00e4tig werden k\u00f6nnen. Bis dahin bleibt das 153-j\u00e4hrige Marcussen-Instrument im Dienst; die Zeitspanne des Verzichts auf Orgelklang soll so kurz wie m\u00f6glich sein.<\/p>\n<p style=\"margin-bottom:0.0001pt; margin-left:0cm; margin-right:0cm; margin-top:0cm\">\u00a0<\/p>\n<p style=\"margin-bottom:0.0001pt; margin-left:0cm; margin-right:0cm; margin-top:0cm\"><em>Die Stiftung Orgelklang der Evangelischen Kirche in Deutschland (EKD) pr\u00e4sentiert in jedem Monat eine \u201eOrgel des Monats\u201c. In diesem Jahr f\u00f6rdert sie 19 Projekte in einem Gesamtumfang von 55.500 Euro (bzw. 110.000 Euro inkl. Projektspenden). Seit 2010 hat sie 221 F\u00f6rderzusagen \u00fcber mehr als 1,3 Millionen Euro gegeben (bzw. mehr als 1,8 Millionen Euro inkl. Projektspenden). Weitere Informationen finden Sie im Internet unter <\/em>www.stiftung-orgelklang.de.<\/p>\n<p class=\"EKDFlietext\" style=\"margin-bottom:0.0001pt; margin-left:0cm; margin-right:0cm; margin-top:0cm\">\u00a0<\/p>\n<p class=\"EKDFlietext\" style=\"margin-bottom:0.0001pt; margin-left:0cm; margin-right:0cm; margin-top:0cm\">Hannover, 17. August 2020<\/p>\n<p class=\"EKDFlietext\" style=\"margin-bottom:0.0001pt; margin-left:0cm; margin-right:0cm; margin-top:0cm\">\u00a0<\/p>\n<p class=\"EKDFlietext\" style=\"margin-bottom:0.0001pt; margin-left:0cm; margin-right:0cm; margin-top:0cm\">Pressestelle der EKD<\/p>\n<\/div>\n","protected":false},"excerpt":{"rendered":"<p>17.08.2020Pressemitteilung Wiederbelebung eines originalen Klangs Die 1857 von der d\u00e4nischen Firma Marcussen gebaute Orgel in Breklum (Schleswig-Holstein) ist die \u201eOrgel<\/p>\n","protected":false},"author":1,"featured_media":1813,"comment_status":"closed","ping_status":"closed","sticky":false,"template":"","format":"standard","meta":{"footnotes":""},"categories":[20],"tags":[],"_links":{"self":[{"href":"https:\/\/krankenhauspfarramt.de\/index.php\/wp-json\/wp\/v2\/posts\/1812"}],"collection":[{"href":"https:\/\/krankenhauspfarramt.de\/index.php\/wp-json\/wp\/v2\/posts"}],"about":[{"href":"https:\/\/krankenhauspfarramt.de\/index.php\/wp-json\/wp\/v2\/types\/post"}],"author":[{"embeddable":true,"href":"https:\/\/krankenhauspfarramt.de\/index.php\/wp-json\/wp\/v2\/users\/1"}],"replies":[{"embeddable":true,"href":"https:\/\/krankenhauspfarramt.de\/index.php\/wp-json\/wp\/v2\/comments?post=1812"}],"version-history":[{"count":1,"href":"https:\/\/krankenhauspfarramt.de\/index.php\/wp-json\/wp\/v2\/posts\/1812\/revisions"}],"predecessor-version":[{"id":1814,"href":"https:\/\/krankenhauspfarramt.de\/index.php\/wp-json\/wp\/v2\/posts\/1812\/revisions\/1814"}],"wp:featuredmedia":[{"embeddable":true,"href":"https:\/\/krankenhauspfarramt.de\/index.php\/wp-json\/wp\/v2\/media\/1813"}],"wp:attachment":[{"href":"https:\/\/krankenhauspfarramt.de\/index.php\/wp-json\/wp\/v2\/media?parent=1812"}],"wp:term":[{"taxonomy":"category","embeddable":true,"href":"https:\/\/krankenhauspfarramt.de\/index.php\/wp-json\/wp\/v2\/categories?post=1812"},{"taxonomy":"post_tag","embeddable":true,"href":"https:\/\/krankenhauspfarramt.de\/index.php\/wp-json\/wp\/v2\/tags?post=1812"}],"curies":[{"name":"wp","href":"https:\/\/api.w.org\/{rel}","templated":true}]}}