{"id":1815,"date":"2020-08-18T16:46:46","date_gmt":"2020-08-18T16:46:46","guid":{"rendered":"https:\/\/krankenhauspfarramt.de\/index.php\/2020\/08\/18\/stiftung-ermoeglicht-musikern-in-not-auftritte-ekd\/"},"modified":"2020-08-18T16:46:47","modified_gmt":"2020-08-18T16:46:47","slug":"stiftung-ermoeglicht-musikern-in-not-auftritte-ekd","status":"publish","type":"post","link":"https:\/\/krankenhauspfarramt.de\/index.php\/2020\/08\/18\/stiftung-ermoeglicht-musikern-in-not-auftritte-ekd\/","title":{"rendered":"Stiftung erm\u00f6glicht Musikern in Not Auftritte \u2013 EKD"},"content":{"rendered":"<p> <br \/>\n<\/p>\n<div>\n<p>Hannover (epd).\u00a0Die kirchliche Hanns-Lilje-Stiftung und ihr Freundeskreis wollen in der Corona-Krise freischaffende Musikerinnen und Musiker unterst\u00fctzen. Dazu starten sie am Dienstag um 10:30 Uhr am Haus am Leuchtturm in Hannover den zweiten Durchgang ihrer &#8222;Stiftungskonzerte&#8220;. Solisten oder kleine Ensembles treten dabei in G\u00e4rten und Innenh\u00f6fen oder auf Vorpl\u00e4tzen von Senioren- und Pflegeheimen auf und werden daf\u00fcr honoriert, wie die Stiftung am Mittwoch in Hannover mitteilte.<\/p>\n<p>Den Musikerinnen und Musikern fehlten nach wie vor die M\u00f6glichkeiten, \u00f6ffentlich aufzutreten, sagte Karl Lang vom Freundeskreis. &#8222;Es fehlen die Einnahmen.&#8220; Bisher sind den Angaben zufolge 39 Musikerinnen und Musiker bei den Konzerten aufgetreten, die Bandbreite reichte von Barockmusik bis Jazz, von der Soloharfe bis zum Streichsextett. Jetzt gebe es zun\u00e4chst sechs weitere Auftritte, auch weil die Resonanz bei den Einrichtungen sowie den K\u00fcnstlern gro\u00df sei.<\/p>\n<p>F\u00fcr Menschen in den Heimen bedeute die Musik auch ein St\u00fcck Lebensqualit\u00e4t, sagte Lang. &#8222;Die T\u00fcren und Fenster ihrer Einrichtung \u00f6ffnen sich vorsichtig und sie erleben Konzerte, die extra f\u00fcr sie veranstaltet werden.&#8220; Lang vermittelt die Auftritte und wird dabei von der Konzertmeisterin Iris Maron und dem Jazzkontrabassist Peter Schwebs beraten, hie\u00df es. Zu den Spendern z\u00e4hlten die J\u00fcrgen Siebhaar Stiftung und die Ulrich Henning Stiftung. Weitere Konzerte seien in Planung und zus\u00e4tzliche Spenden erw\u00fcnscht.<\/p>\n<p>Die Hanns-Lilje-Stiftung wurde 1989 gegr\u00fcndet und geh\u00f6rt nach eigenen Angaben zu den gr\u00f6\u00dften kirchlichen F\u00f6rderstiftungen in Deutschland. Sie unterst\u00fctzt den Dialog von Kirche und Theologie mit Wissenschaft, Technik, Wirtschaft, Kunst und Politik. Dem Freundeskreis geh\u00f6ren Pers\u00f6nlichkeiten aus allen gesellschaftlichen Bereichen an, die die Arbeit der Stiftung ideell und finanziell f\u00f6rdern.<br \/>\u00a0<\/p>\n<hr\/>\n<p><em>Der Freundeskreis der Hanns-Lilje-Stiftung nimmt <strong>Spenden<\/strong> entgegen:<br \/>Evangelische Bank, DE20 5206 0410 0000 0069 20, IBAN GENODEF1EK1 mit<br \/>dem <strong>Vermerk Stiftungskonzerte<\/strong>.<\/em><br \/>\u00a0<\/p>\n<p><strong>Zur Website der Hanns-Lilje-Stiftung<\/strong><\/p>\n<p>\u00a0<\/p>\n<\/p><\/div>\n","protected":false},"excerpt":{"rendered":"<p>Hannover (epd).\u00a0Die kirchliche Hanns-Lilje-Stiftung und ihr Freundeskreis wollen in der Corona-Krise freischaffende Musikerinnen und Musiker unterst\u00fctzen. Dazu starten sie am<\/p>\n","protected":false},"author":1,"featured_media":1816,"comment_status":"closed","ping_status":"closed","sticky":false,"template":"","format":"standard","meta":{"footnotes":""},"categories":[20],"tags":[],"_links":{"self":[{"href":"https:\/\/krankenhauspfarramt.de\/index.php\/wp-json\/wp\/v2\/posts\/1815"}],"collection":[{"href":"https:\/\/krankenhauspfarramt.de\/index.php\/wp-json\/wp\/v2\/posts"}],"about":[{"href":"https:\/\/krankenhauspfarramt.de\/index.php\/wp-json\/wp\/v2\/types\/post"}],"author":[{"embeddable":true,"href":"https:\/\/krankenhauspfarramt.de\/index.php\/wp-json\/wp\/v2\/users\/1"}],"replies":[{"embeddable":true,"href":"https:\/\/krankenhauspfarramt.de\/index.php\/wp-json\/wp\/v2\/comments?post=1815"}],"version-history":[{"count":1,"href":"https:\/\/krankenhauspfarramt.de\/index.php\/wp-json\/wp\/v2\/posts\/1815\/revisions"}],"predecessor-version":[{"id":1817,"href":"https:\/\/krankenhauspfarramt.de\/index.php\/wp-json\/wp\/v2\/posts\/1815\/revisions\/1817"}],"wp:featuredmedia":[{"embeddable":true,"href":"https:\/\/krankenhauspfarramt.de\/index.php\/wp-json\/wp\/v2\/media\/1816"}],"wp:attachment":[{"href":"https:\/\/krankenhauspfarramt.de\/index.php\/wp-json\/wp\/v2\/media?parent=1815"}],"wp:term":[{"taxonomy":"category","embeddable":true,"href":"https:\/\/krankenhauspfarramt.de\/index.php\/wp-json\/wp\/v2\/categories?post=1815"},{"taxonomy":"post_tag","embeddable":true,"href":"https:\/\/krankenhauspfarramt.de\/index.php\/wp-json\/wp\/v2\/tags?post=1815"}],"curies":[{"name":"wp","href":"https:\/\/api.w.org\/{rel}","templated":true}]}}