{"id":1821,"date":"2020-08-19T17:10:18","date_gmt":"2020-08-19T17:10:18","guid":{"rendered":"https:\/\/krankenhauspfarramt.de\/index.php\/2020\/08\/19\/bischoefe-bestuerzt-ueber-mutmasslich-islamistischen-anschlag-ekd\/"},"modified":"2020-08-19T17:10:19","modified_gmt":"2020-08-19T17:10:19","slug":"bischoefe-bestuerzt-ueber-mutmasslich-islamistischen-anschlag-ekd","status":"publish","type":"post","link":"https:\/\/krankenhauspfarramt.de\/index.php\/2020\/08\/19\/bischoefe-bestuerzt-ueber-mutmasslich-islamistischen-anschlag-ekd\/","title":{"rendered":"Bisch\u00f6fe best\u00fcrzt \u00fcber mutma\u00dflich islamistischen Anschlag \u2013 EKD"},"content":{"rendered":"<p> <br \/>\n<\/p>\n<div id=\"\">\n<p>Berlin (epd). Die Berliner Bisch\u00f6fe von katholischer und evangelischer Kirche haben mit Best\u00fcrzung auf den mutma\u00dflich islamistischen Anschlag auf der Berliner Stadtautobahn reagiert. \u201eUnsere Gedanken und Gebete gelten den Opfern der offenbar bewusst herbeigef\u00fchrten Unf\u00e4lle und ihren Angeh\u00f6rigen\u201c, erkl\u00e4rten Bischof Christian St\u00e4blein von der Evangelischen Kirche Berlin-Brandenburg-schlesische Oberlausitz und Erzbischof Heiner Koch vom Erzbistum Berlin. Zugleich wandten sie sich \u201egegen jegliche Versuche, die Religion f\u00fcr die Begr\u00fcndung von Terror und Gewalt zu missbrauchen\u201c.<\/p>\n<p>Bei der Unfallserie am Dienstagabend gegen 19 Uhr waren zwischen Wilmersdorf und Tempelhof insgesamt sechs Menschen verletzt worden, drei davon schwer. Den Angaben zufolge f\u00fchrte der mutma\u00dfliche T\u00e4ter, ein 30 Jahre alter Iraker, gezielt mehrere Kollisionen mit anderen Fahrzeugen herbei. Laut Polizei und Staatsanwaltschaft machte er regelrecht \u201eJagd auf Motorradfahrer\u201c. Einer von ihnen wurde bei der Attacke schwerstverletzt.<\/p>\n<p>Die Ermittlungsbeh\u00f6rden sehen Hinweise auf ein islamistisch motiviertes Tatgeschehen, unter anderem wegen seiner Aussagen nach der Attacke. Au\u00dferdem gebe es Hinweise auf eine psychische Labilit\u00e4t des Unfallverursachers. Die Staatsanwaltschaft geht von mindestens drei F\u00e4llen von versuchtem Mord aus, vielleicht auch noch mehr.<\/p>\n<\/div>\n","protected":false},"excerpt":{"rendered":"<p>Berlin (epd). Die Berliner Bisch\u00f6fe von katholischer und evangelischer Kirche haben mit Best\u00fcrzung auf den mutma\u00dflich islamistischen Anschlag auf der<\/p>\n","protected":false},"author":1,"featured_media":1822,"comment_status":"closed","ping_status":"closed","sticky":false,"template":"","format":"standard","meta":{"footnotes":""},"categories":[20],"tags":[],"_links":{"self":[{"href":"https:\/\/krankenhauspfarramt.de\/index.php\/wp-json\/wp\/v2\/posts\/1821"}],"collection":[{"href":"https:\/\/krankenhauspfarramt.de\/index.php\/wp-json\/wp\/v2\/posts"}],"about":[{"href":"https:\/\/krankenhauspfarramt.de\/index.php\/wp-json\/wp\/v2\/types\/post"}],"author":[{"embeddable":true,"href":"https:\/\/krankenhauspfarramt.de\/index.php\/wp-json\/wp\/v2\/users\/1"}],"replies":[{"embeddable":true,"href":"https:\/\/krankenhauspfarramt.de\/index.php\/wp-json\/wp\/v2\/comments?post=1821"}],"version-history":[{"count":1,"href":"https:\/\/krankenhauspfarramt.de\/index.php\/wp-json\/wp\/v2\/posts\/1821\/revisions"}],"predecessor-version":[{"id":1823,"href":"https:\/\/krankenhauspfarramt.de\/index.php\/wp-json\/wp\/v2\/posts\/1821\/revisions\/1823"}],"wp:featuredmedia":[{"embeddable":true,"href":"https:\/\/krankenhauspfarramt.de\/index.php\/wp-json\/wp\/v2\/media\/1822"}],"wp:attachment":[{"href":"https:\/\/krankenhauspfarramt.de\/index.php\/wp-json\/wp\/v2\/media?parent=1821"}],"wp:term":[{"taxonomy":"category","embeddable":true,"href":"https:\/\/krankenhauspfarramt.de\/index.php\/wp-json\/wp\/v2\/categories?post=1821"},{"taxonomy":"post_tag","embeddable":true,"href":"https:\/\/krankenhauspfarramt.de\/index.php\/wp-json\/wp\/v2\/tags?post=1821"}],"curies":[{"name":"wp","href":"https:\/\/api.w.org\/{rel}","templated":true}]}}