{"id":1825,"date":"2020-08-20T09:27:20","date_gmt":"2020-08-20T09:27:20","guid":{"rendered":"https:\/\/krankenhauspfarramt.de\/index.php\/2020\/08\/20\/greta-thunberg-hat-bewusstsein-der-welt-veraendert-ekd\/"},"modified":"2020-08-20T09:27:22","modified_gmt":"2020-08-20T09:27:22","slug":"greta-thunberg-hat-bewusstsein-der-welt-veraendert-ekd","status":"publish","type":"post","link":"https:\/\/krankenhauspfarramt.de\/index.php\/2020\/08\/20\/greta-thunberg-hat-bewusstsein-der-welt-veraendert-ekd\/","title":{"rendered":"Greta Thunberg hat Bewusstsein der Welt ver\u00e4ndert \u2013 EKD"},"content":{"rendered":"<p> <br \/>\n<\/p>\n<div>\n<p>St\u00e4blein erinnerte daran, dass sich Thunberg auf den Tag vor zwei Jahren, am 20. August 2018,\u00a0erstmals allein vor das schwedische Parlament gesetzt habe: \u201eVor sich ein handgeschriebenes Plakat, schmucklos, drei Worte nur: Skolstrejk f\u00f6r klimatet &#8211; Schulstreik f\u00fcr das Klima.\u201c<\/p>\n<h3>St\u00e4blein: \u201eGreta Thunberg r\u00fcttelt wach\u201c<\/h3>\n<p>Entstanden sei daraus eine weltweite Klimabewegung. \u201eHunderttausende sind immer wieder auf den Stra\u00dfen, vor allem Sch\u00fclerinnen und Sch\u00fcler, aber nicht nur, eher eine ganze Generation\u201c, betonte der Bischof.<\/p>\n<p>\u201eIn der Bibel nennt man Menschen, die ihre Umwelt wachr\u00fctteln, aufschrecken, mit der Wahrheit konfrontieren: Propheten\u201c, erkl\u00e4rte St\u00e4blein weiter. Ob das hier zutreffe, sei dahin gestellt. \u201eIm Nerv treffen liegt jedenfalls etwas Prophetisches. Entscheidend aber ist dies: Greta Thunberg r\u00fcttelt wach. Sie sagt, was an der Zeit ist. F\u00fcr die Sch\u00f6pfung Gottes\u201c, schrieb der Bischof.<\/p>\n<h3>Greta Thunberg und Luisa Neubauer bei Bundeskanzlerin Merkel<\/h3>\n<p>Thunberg und weitere Klimaaktivistinnen, darunter die deutsche <a rel=\"external noopener noreferrer\" href=\"https:\/\/twitter.com\/Luisamneubauer\" target=\"_blank\">\u201eFridays-for-Future\u201c-Aktivistin Luisa Neubauer<\/a>, treffen sich am Donnerstag in Berlin mit Bundeskanzlerin Angela Merkel (CDU) zu einem Gespr\u00e4ch. Anlass ist ein offener Brief der Klimabewegung \u201eFridays for Future\u201c an alle Staats- und Regierungschefs.<\/p>\n<p>Neubauer fordert von Merkel \u201eunbequeme Taten und ungew\u00f6hnliche Wege\u201c zum Klimaschutz. Es seien \u201ekrasse Zeiten, \u00fcberall auf der Welt drischt die Klimakrise auf die Menschen ein\u201c, sagte Neubauer den Zeitungen der Funke Mediengruppe vor dem Treffen mit Merkel im Kanzleramt. Weder Deutschland noch Europa seien auf dem Weg, das Pariser Klima-Abkommen einzuhalten. \u201eDie Lage ist dramatisch und mit Blick auf den Klimaschutz desastr\u00f6s, deshalb gibt es viel zu besprechen\u201c, sagte sie.<\/p>\n<p>Dem \u201eRedaktionsNetzwerk Deutschland\u201c\u00a0sagte Neubauer: \u201eAngela Merkel m\u00fcsste die Kanzlerin sein, die daf\u00fcr sorgt, dass das Pariser Abkommen umgesetzt wird. Das wollen wir mit ihr besprechen.\u201c Sie wolle im Kanzleramt Druck machen: \u201eWir haben nur noch sehr wenig Zeit, bevor das 1,5-Grad-Ziel aus unseren H\u00e4nden gleitet\u201c, sagte sie. \u201eDer aktuellen Klimapolitik zufolge ist unklar, wie viel Frau Merkel an Paris liegt &#8211; auch nach zwei Jahren Klimastreiks.\u201c<\/p>\n<\/p><\/div>\n<p><script async src=\"\/\/platform.twitter.com\/widgets.js\" charset=\"utf-8\"><\/script><\/p>\n","protected":false},"excerpt":{"rendered":"<p>St\u00e4blein erinnerte daran, dass sich Thunberg auf den Tag vor zwei Jahren, am 20. August 2018,\u00a0erstmals allein vor das schwedische<\/p>\n","protected":false},"author":1,"featured_media":1826,"comment_status":"closed","ping_status":"closed","sticky":false,"template":"","format":"standard","meta":{"footnotes":""},"categories":[20],"tags":[],"_links":{"self":[{"href":"https:\/\/krankenhauspfarramt.de\/index.php\/wp-json\/wp\/v2\/posts\/1825"}],"collection":[{"href":"https:\/\/krankenhauspfarramt.de\/index.php\/wp-json\/wp\/v2\/posts"}],"about":[{"href":"https:\/\/krankenhauspfarramt.de\/index.php\/wp-json\/wp\/v2\/types\/post"}],"author":[{"embeddable":true,"href":"https:\/\/krankenhauspfarramt.de\/index.php\/wp-json\/wp\/v2\/users\/1"}],"replies":[{"embeddable":true,"href":"https:\/\/krankenhauspfarramt.de\/index.php\/wp-json\/wp\/v2\/comments?post=1825"}],"version-history":[{"count":1,"href":"https:\/\/krankenhauspfarramt.de\/index.php\/wp-json\/wp\/v2\/posts\/1825\/revisions"}],"predecessor-version":[{"id":1827,"href":"https:\/\/krankenhauspfarramt.de\/index.php\/wp-json\/wp\/v2\/posts\/1825\/revisions\/1827"}],"wp:featuredmedia":[{"embeddable":true,"href":"https:\/\/krankenhauspfarramt.de\/index.php\/wp-json\/wp\/v2\/media\/1826"}],"wp:attachment":[{"href":"https:\/\/krankenhauspfarramt.de\/index.php\/wp-json\/wp\/v2\/media?parent=1825"}],"wp:term":[{"taxonomy":"category","embeddable":true,"href":"https:\/\/krankenhauspfarramt.de\/index.php\/wp-json\/wp\/v2\/categories?post=1825"},{"taxonomy":"post_tag","embeddable":true,"href":"https:\/\/krankenhauspfarramt.de\/index.php\/wp-json\/wp\/v2\/tags?post=1825"}],"curies":[{"name":"wp","href":"https:\/\/api.w.org\/{rel}","templated":true}]}}