{"id":1834,"date":"2020-08-21T14:38:20","date_gmt":"2020-08-21T14:38:20","guid":{"rendered":"https:\/\/krankenhauspfarramt.de\/index.php\/2020\/08\/21\/sea-watch-4-erreicht-rettungszone-vor-libyen-ekd\/"},"modified":"2020-08-21T14:38:22","modified_gmt":"2020-08-21T14:38:22","slug":"sea-watch-4-erreicht-rettungszone-vor-libyen-ekd","status":"publish","type":"post","link":"https:\/\/krankenhauspfarramt.de\/index.php\/2020\/08\/21\/sea-watch-4-erreicht-rettungszone-vor-libyen-ekd\/","title":{"rendered":"\u201eSea-Watch 4\u201c erreicht Rettungszone vor Libyen \u2013 EKD"},"content":{"rendered":"<p> <br \/>\n<\/p>\n<div id=\"\">\n<p>(epd).\u00a0Das deutsche Rettungsschiff \u201eSea-Watch 4\u201c\u00a0hat sein Einsatzgebiet erreicht. Seit Freitagmorgen h\u00e4lt die Crew in der Such- und Rettungszone vor Libyen Ausschau nach schiffsbr\u00fcchigen Migranten, die auf dem Weg nach Europa in Seenot geraten sind. Die \u201eSea-Watch 4\u201c wurde \u00fcberwiegend aus Spenden finanziert.<\/p>\n<p>Nach Angaben der Crew wurde das Schiff unterwegs von der Notfall-Hotline AlarmPhone \u00fcber einen Seenotfall in der N\u00e4he der italienischen Insel Lampedusa informiert. Auf der Suche nach dem gemeldeten blauen Holzboot mit etwa 70 Menschen an Bord wurden aber nur \u00dcberreste eines gr\u00fcnen Schlauchboots entdeckt, wie Sea-Watch mitteilte. \u201eVon den Menschen, die darauf versucht hatten, nach Europa zu gelangen, fehlt jede Spur\u201c, erl\u00e4uterte die Organisation, die das private Rettungsschiff betreibt.<\/p>\n<p>Anfang der Woche waren beim bislang schlimmsten Ungl\u00fcck vor der K\u00fcste Libyens in diesem Jahr mindestens 45 Menschen ums Leben gekommen. Die \u201eSea-Watch 4\u201c\u00a0war am Samstag vom spanischen Hafen Burriana ausgelaufen. Urspr\u00fcnglich h\u00e4tte der Einsatz schon im April beginnen sollen. Der Start verz\u00f6gerte sich jedoch wegen der Corona-Pandemie.<\/p>\n<p>Die erste Mission des Schiffes hatte am vergangenen Samstag vom spanischen Hafen Burriana aus begonnen. Urspr\u00fcnglich hatte die \u201eSea-Watch 4\u201c im April auslaufen sollen. Der Start verz\u00f6gerte sich jedoch wegen der Corona-Pandemie. Anfang der Woche waren beim bislang schlimmsten Ungl\u00fcck vor der K\u00fcste Libyens in diesem Jahr mindestens 45 Menschen ums Leben gekommen.<\/p>\n<\/div>\n<div id=\"\"><!-- SRC:  --><\/p>\n<aside class=\"article--aside quintus teaser teaser__related rs_skip rs_preserve\">\n<div class=\"teaser--article teaser--content\">\n<figure class=\"teaser--image\"><picture><source media=\"(max-width:935px)\" srcset=\"https:\/\/ekd.de\/ekd_de\/ds_img\/assets_1875_x\/epd_christian_ditsch_seawatch_schlauchboot_1875_rdax_625x352_60.jpg 1x, https:\/\/ekd.de\/ekd_de\/ds_img\/assets_1875_x\/epd_christian_ditsch_seawatch_schlauchboot_1875_rdax_1250x704_60.jpg 2x, https:\/\/ekd.de\/ekd_de\/ds_img\/assets_1875_x\/epd_christian_ditsch_seawatch_schlauchboot_1875_rdax_60.jpg 3x\"><source media=\"(min-width:934px)\" srcset=\"https:\/\/ekd.de\/ekd_de\/ds_img\/assets_1875_x\/epd_christian_ditsch_seawatch_schlauchboot_1875_rdax_360x203_70.jpg 1x, https:\/\/ekd.de\/ekd_de\/ds_img\/assets_1875_x\/epd_christian_ditsch_seawatch_schlauchboot_1875_rdax_720x406_70.jpg 2x, https:\/\/ekd.de\/ekd_de\/ds_img\/assets_1875_x\/epd_christian_ditsch_seawatch_schlauchboot_1875_rdax_1080x608_70.jpg 3x\"><\/source><\/source><\/picture><figcaption\/><\/figure>\n<p class=\"quintus--text teaser--text\">Schon zu viele Menschen haben auf der Flucht \u00fcber das Mittelmeer ihr Leben verloren. Es ist ein Gebot christlicher N\u00e4chstenliebe, Menschen, die aus ihren Heimatl\u00e4ndern vor Krieg und Elend fliehen, zu helfen. Die EKD unterst\u00fctzt deshalb im B\u00fcndnis United4Rescue die zivile Seenotrettung mit einem kirchlichen Rettungsschiff.<\/p>\n<\/p><\/div>\n<\/aside>\n<div class=\"article--content\">\n<p>Das Rettungsschiff war im Januar vom B\u00fcndnis \u201eUnited4Rescue\u201c mit Spendengeldern ersteigert und im Februar in Kiel getauft worden. Nach \u00dcberf\u00fchrung und Umbauten musste es Corona-bedingt mehrere Monate auf das erste Auslaufen warten. Ausgangspunkt f\u00fcr die Gr\u00fcndung des B\u00fcndnisses war eine auf dem Deutschen Evangelischen Kirchentag 2019 verabschiedete Resolution, die die EKD und ihre Gliedkirchen aufforderte, selbst ein Schiff zur Seenotrettung im Mittelmeer zu schicken. Nach gr\u00fcndlichen Beratungen hatten Rat und Synode der EKD beschlossen, sich dieser Aufgabe im Rahmen eines breiten zivilgesellschaftlichen B\u00fcndnisses zu stellen.<\/p>\n<\/p><\/div>\n<\/div>\n","protected":false},"excerpt":{"rendered":"<p>(epd).\u00a0Das deutsche Rettungsschiff \u201eSea-Watch 4\u201c\u00a0hat sein Einsatzgebiet erreicht. Seit Freitagmorgen h\u00e4lt die Crew in der Such- und Rettungszone vor Libyen<\/p>\n","protected":false},"author":1,"featured_media":1835,"comment_status":"closed","ping_status":"closed","sticky":false,"template":"","format":"standard","meta":{"footnotes":""},"categories":[20],"tags":[],"_links":{"self":[{"href":"https:\/\/krankenhauspfarramt.de\/index.php\/wp-json\/wp\/v2\/posts\/1834"}],"collection":[{"href":"https:\/\/krankenhauspfarramt.de\/index.php\/wp-json\/wp\/v2\/posts"}],"about":[{"href":"https:\/\/krankenhauspfarramt.de\/index.php\/wp-json\/wp\/v2\/types\/post"}],"author":[{"embeddable":true,"href":"https:\/\/krankenhauspfarramt.de\/index.php\/wp-json\/wp\/v2\/users\/1"}],"replies":[{"embeddable":true,"href":"https:\/\/krankenhauspfarramt.de\/index.php\/wp-json\/wp\/v2\/comments?post=1834"}],"version-history":[{"count":1,"href":"https:\/\/krankenhauspfarramt.de\/index.php\/wp-json\/wp\/v2\/posts\/1834\/revisions"}],"predecessor-version":[{"id":1836,"href":"https:\/\/krankenhauspfarramt.de\/index.php\/wp-json\/wp\/v2\/posts\/1834\/revisions\/1836"}],"wp:featuredmedia":[{"embeddable":true,"href":"https:\/\/krankenhauspfarramt.de\/index.php\/wp-json\/wp\/v2\/media\/1835"}],"wp:attachment":[{"href":"https:\/\/krankenhauspfarramt.de\/index.php\/wp-json\/wp\/v2\/media?parent=1834"}],"wp:term":[{"taxonomy":"category","embeddable":true,"href":"https:\/\/krankenhauspfarramt.de\/index.php\/wp-json\/wp\/v2\/categories?post=1834"},{"taxonomy":"post_tag","embeddable":true,"href":"https:\/\/krankenhauspfarramt.de\/index.php\/wp-json\/wp\/v2\/tags?post=1834"}],"curies":[{"name":"wp","href":"https:\/\/api.w.org\/{rel}","templated":true}]}}