{"id":1875,"date":"2020-08-26T12:52:47","date_gmt":"2020-08-26T12:52:47","guid":{"rendered":"https:\/\/krankenhauspfarramt.de\/index.php\/2020\/08\/26\/kloester-loccum-und-amelungsborn-oeffnen-sich-fuer-frauen-ekd\/"},"modified":"2020-08-26T12:52:49","modified_gmt":"2020-08-26T12:52:49","slug":"kloester-loccum-und-amelungsborn-oeffnen-sich-fuer-frauen-ekd","status":"publish","type":"post","link":"https:\/\/krankenhauspfarramt.de\/index.php\/2020\/08\/26\/kloester-loccum-und-amelungsborn-oeffnen-sich-fuer-frauen-ekd\/","title":{"rendered":"Kl\u00f6ster Loccum und Amelungsborn \u00f6ffnen sich f\u00fcr Frauen \u2013 EKD"},"content":{"rendered":"<p> <br \/>\n<\/p>\n<div id=\"\">\n<p>Loccum\/Amelungsborn (epd). Nach fast 900 Jahren \u00f6ffnen die evangelischen Kl\u00f6ster Loccum bei Nienburg und Amelungsborn bei Holzminden ihre Konvente f\u00fcr Frauen. K\u00fcnftig k\u00f6nnen auch weibliche Mitglieder in die Konvente berufen werden, wie beide Kl\u00f6ster am Dienstag mitteilten. Zuletzt beschloss das Kloster Loccum am Montagabend eine entsprechende \u00c4nderung seiner Verfassung. Dadurch k\u00f6nnten Frauen k\u00fcnftig auch als Priorin oder \u00c4btissin an die Spitze der Kl\u00f6ster r\u00fccken, hie\u00df es. Als Konvent wird die Versammlung stimmberechtigter Mitglieder einer Gemeinschaft bezeichnet.<\/p>\n<p>Der Beschluss solle nicht als Bruch mit einer jahrhundertealten Tradition verstanden werden, sondern als Respekt vor der vor vielen Jahrzehnten eingef\u00fchrten Frauenordination, betonten der Prior des Klosters Loccum und Geistliche Vizepr\u00e4sident der Landeskirche Hannovers, Arend de Vries, sowie der Hildesheimer Regionalbischof und Abt des Klosters Amelungsborn, Eckhard Gorka, in einer gemeinsamen Erkl\u00e4rung: \u201eWir erleben das Miteinander von Frauen und M\u00e4nnern in der Kirche und im Pfarramt als gro\u00dfe Bereicherung und w\u00fcnschen uns das in Zukunft auch f\u00fcr unsere Konvente.\u201c<\/p>\n<h3>Durch Sonderregelungen waren schon vereinzelt Frauen Mitglieder<\/h3>\n<p>Die Konvente der beiden Kl\u00f6ster h\u00e4tten diesen Beschluss in getrennten Sitzungen gefasst, hie\u00df es. Der Entscheidung seien intensive theologische Beratungen und Abstimmungen mit den jeweils weiteren Mitgliedern der kl\u00f6sterlichen Familien vorangegangen, sagte Gorka.<\/p>\n<p>Die Kl\u00f6ster Loccum und Amelungsborn sind ehemalige Zisterzienserkl\u00f6ster. Bis zur Reformationszeit lebten dort M\u00f6nche, dann gingen die Kl\u00f6ster zum evangelischen Glauben \u00fcber. Die heutigen Mitglieder des Konvents leben au\u00dferhalb der Klostermauern und kommen jeweils zu Tagungen in den Kl\u00f6stern zusammen. In Loccum werden zudem angehende Pastorinnen und Pastoren ausgebildet.<\/p>\n<p>Im Loccum geh\u00f6rte mit der fr\u00fcheren Landesbisch\u00f6fin Margot K\u00e4\u00dfmann bereits einmal eine Frau zum Konvent. Ihre Mitgliedschaft war jedoch in ihrem besonderen Amt begr\u00fcndet, nicht in einer Berufung. Gegenw\u00e4rtig geh\u00f6rt die Studiendirektorin des Predigerseminars Loccum, Adelheid Ruck-Schr\u00f6der, durch ihr besonderes Amt automatisch zum Konvent. Formal blieb es bislang jedoch bei der Regelung, dass Frauen nicht durch Berufung Mitglied des derzeit 14-k\u00f6pfigen Konvents werden k\u00f6nnen.<\/p>\n<hr\/>\n<p><em>Das Kloster Amelungsborn wurde 1135 aus dem niederrheinischen Kloster Altenkamp heraus gegr\u00fcndet. Das Kloster Loccum wurde 1163 vom th\u00fcringischen Volkenroda aus gegr\u00fcndet und trat 1593 der Reformation bei.<\/em><\/p>\n<\/div>\n","protected":false},"excerpt":{"rendered":"<p>Loccum\/Amelungsborn (epd). Nach fast 900 Jahren \u00f6ffnen die evangelischen Kl\u00f6ster Loccum bei Nienburg und Amelungsborn bei Holzminden ihre Konvente f\u00fcr<\/p>\n","protected":false},"author":1,"featured_media":1517,"comment_status":"closed","ping_status":"closed","sticky":false,"template":"","format":"standard","meta":{"footnotes":""},"categories":[20],"tags":[],"_links":{"self":[{"href":"https:\/\/krankenhauspfarramt.de\/index.php\/wp-json\/wp\/v2\/posts\/1875"}],"collection":[{"href":"https:\/\/krankenhauspfarramt.de\/index.php\/wp-json\/wp\/v2\/posts"}],"about":[{"href":"https:\/\/krankenhauspfarramt.de\/index.php\/wp-json\/wp\/v2\/types\/post"}],"author":[{"embeddable":true,"href":"https:\/\/krankenhauspfarramt.de\/index.php\/wp-json\/wp\/v2\/users\/1"}],"replies":[{"embeddable":true,"href":"https:\/\/krankenhauspfarramt.de\/index.php\/wp-json\/wp\/v2\/comments?post=1875"}],"version-history":[{"count":1,"href":"https:\/\/krankenhauspfarramt.de\/index.php\/wp-json\/wp\/v2\/posts\/1875\/revisions"}],"predecessor-version":[{"id":1876,"href":"https:\/\/krankenhauspfarramt.de\/index.php\/wp-json\/wp\/v2\/posts\/1875\/revisions\/1876"}],"wp:featuredmedia":[{"embeddable":true,"href":"https:\/\/krankenhauspfarramt.de\/index.php\/wp-json\/wp\/v2\/media\/1517"}],"wp:attachment":[{"href":"https:\/\/krankenhauspfarramt.de\/index.php\/wp-json\/wp\/v2\/media?parent=1875"}],"wp:term":[{"taxonomy":"category","embeddable":true,"href":"https:\/\/krankenhauspfarramt.de\/index.php\/wp-json\/wp\/v2\/categories?post=1875"},{"taxonomy":"post_tag","embeddable":true,"href":"https:\/\/krankenhauspfarramt.de\/index.php\/wp-json\/wp\/v2\/tags?post=1875"}],"curies":[{"name":"wp","href":"https:\/\/api.w.org\/{rel}","templated":true}]}}