{"id":1877,"date":"2020-08-26T16:55:34","date_gmt":"2020-08-26T16:55:34","guid":{"rendered":"https:\/\/krankenhauspfarramt.de\/index.php\/2020\/08\/26\/landeskirche-rehabilitiert-ns-verfolgten-homosexuellen-pfarrer-ekd\/"},"modified":"2020-08-26T16:55:36","modified_gmt":"2020-08-26T16:55:36","slug":"landeskirche-rehabilitiert-ns-verfolgten-homosexuellen-pfarrer-ekd","status":"publish","type":"post","link":"https:\/\/krankenhauspfarramt.de\/index.php\/2020\/08\/26\/landeskirche-rehabilitiert-ns-verfolgten-homosexuellen-pfarrer-ekd\/","title":{"rendered":"Landeskirche rehabilitiert NS-verfolgten homosexuellen Pfarrer \u2013 EKD"},"content":{"rendered":"<p> <br \/>\n<\/p>\n<div id=\"\">\n<p>Berlin (epd). Die Evangelische Kirche Berlin-Brandenburg-schlesische Oberlausitz hat erstmals einen von den Nationalsozialisten verfolgten homosexuellen Pfarrer rehabilitiert. \u201eDer Entzug der Ordinationsrechte von Pfarrer Friedrich Klein am 20. Januar 1943 durch das Konsistorium wird als Unrecht anerkannt und f\u00fcr nichtig erkl\u00e4rt\u201c, hei\u00dft es in einem Beschluss der Kirchenleitung, der am Mittwoch in Berlin ver\u00f6ffentlicht wurde. Die Rehabilitierung soll am 1. September in einem Gedenkgottesdienst mit Bischof Christian St\u00e4blein \u00f6ffentlich erkl\u00e4rt werden.<\/p>\n<p>\u201eDurch diese Unrechtbehandlung ist viel Leid \u00fcber Menschen gekommen, die anders lebten und liebten und die auf schreckliche Weise diskriminiert wurden\u201c, betonte St\u00e4blein. Mit dem Gottesdienst solle deutlich gemacht werden, \u201edass vielen Menschen, auch im Namen der Kirche, schweres Unrecht widerfahren\u201c sei.<\/p>\n<h3>Arbeitsgruppe soll Diskriminierung aufarbeiten<\/h3>\n<p>Am 1. September 1935 versch\u00e4rften die Nazis den Paragrafen 175, der einvernehmliche sexuelle Handlungen unter erwachsenen M\u00e4nnern seit 1871 unter Strafe stellte. Die Landeskirche werde 85 Jahre nach der Versch\u00e4rfung dieses sogenannten Homosexuellen-Paragrafen 175 durch die Nazis F\u00e4lle von Diskriminierung aufarbeiten, hie\u00df es. Dazu solle auch eine Arbeitsgruppe eingesetzt werden, die sich mit Diskriminierung wegen der sexuellen Identit\u00e4t bis heute befassen soll.<\/p>\n<p>Pfarrer Friedrich Klein (1905-1945) wurde den Angaben zufolge 1942 vom NS-Reichskriegsgericht wegen \u201eVerf\u00fchrung eines 19 Jahre alten Mannes zu widernat\u00fcrlicher Unzucht\u201c zu drei Jahren Gef\u00e4ngnis verurteilt. Die Kirche entlie\u00df ihn danach unter Verlust der geistlichen Rechte und Bez\u00fcge.<\/p>\n<hr\/>\n<p><em>Der Gedenkgottesdienst beginnt am Dienstag, dem 1. September, um 19.30 Uhr in der Immanuelkirche in Berlin-Prenzlauer Berg.<\/em><\/p>\n<\/div>\n","protected":false},"excerpt":{"rendered":"<p>Berlin (epd). Die Evangelische Kirche Berlin-Brandenburg-schlesische Oberlausitz hat erstmals einen von den Nationalsozialisten verfolgten homosexuellen Pfarrer rehabilitiert. \u201eDer Entzug der<\/p>\n","protected":false},"author":1,"featured_media":1878,"comment_status":"closed","ping_status":"closed","sticky":false,"template":"","format":"standard","meta":{"footnotes":""},"categories":[20],"tags":[],"_links":{"self":[{"href":"https:\/\/krankenhauspfarramt.de\/index.php\/wp-json\/wp\/v2\/posts\/1877"}],"collection":[{"href":"https:\/\/krankenhauspfarramt.de\/index.php\/wp-json\/wp\/v2\/posts"}],"about":[{"href":"https:\/\/krankenhauspfarramt.de\/index.php\/wp-json\/wp\/v2\/types\/post"}],"author":[{"embeddable":true,"href":"https:\/\/krankenhauspfarramt.de\/index.php\/wp-json\/wp\/v2\/users\/1"}],"replies":[{"embeddable":true,"href":"https:\/\/krankenhauspfarramt.de\/index.php\/wp-json\/wp\/v2\/comments?post=1877"}],"version-history":[{"count":1,"href":"https:\/\/krankenhauspfarramt.de\/index.php\/wp-json\/wp\/v2\/posts\/1877\/revisions"}],"predecessor-version":[{"id":1879,"href":"https:\/\/krankenhauspfarramt.de\/index.php\/wp-json\/wp\/v2\/posts\/1877\/revisions\/1879"}],"wp:featuredmedia":[{"embeddable":true,"href":"https:\/\/krankenhauspfarramt.de\/index.php\/wp-json\/wp\/v2\/media\/1878"}],"wp:attachment":[{"href":"https:\/\/krankenhauspfarramt.de\/index.php\/wp-json\/wp\/v2\/media?parent=1877"}],"wp:term":[{"taxonomy":"category","embeddable":true,"href":"https:\/\/krankenhauspfarramt.de\/index.php\/wp-json\/wp\/v2\/categories?post=1877"},{"taxonomy":"post_tag","embeddable":true,"href":"https:\/\/krankenhauspfarramt.de\/index.php\/wp-json\/wp\/v2\/tags?post=1877"}],"curies":[{"name":"wp","href":"https:\/\/api.w.org\/{rel}","templated":true}]}}