{"id":1880,"date":"2020-08-26T21:00:12","date_gmt":"2020-08-26T21:00:12","guid":{"rendered":"https:\/\/krankenhauspfarramt.de\/index.php\/2020\/08\/26\/neue-gesichter-bei-yeet-ekd\/"},"modified":"2020-08-26T21:00:14","modified_gmt":"2020-08-26T21:00:14","slug":"neue-gesichter-bei-yeet-ekd","status":"publish","type":"post","link":"https:\/\/krankenhauspfarramt.de\/index.php\/2020\/08\/26\/neue-gesichter-bei-yeet-ekd\/","title":{"rendered":"Neue Gesichter bei yeet \u2013 EKD"},"content":{"rendered":"<p> <br \/>\n<\/p>\n<div>\n<p>Der methodistische Pfarrer, der christliche Botschaften in Netflix-Serien findet, die Vikarin, die \u00f6kumenische Internetbisch\u00f6fe k\u00fcrt, die Religionsp\u00e4dagogin, die sich mit Alltagsrassismus auseinandersetzt, oder die Evangelische Jugend, die ihre eigene Late-Night-Show produziert: Die Formate der neuen yeet-Sinnfluencer:innen auf YouTube und Instagram sind so bunt und vielf\u00e4ltig wie die evangelische Kirche. Was sie eint und bei yeet zusammenbringt, ist die Freude, ihren christlichen Glauben in den sozialen Netzwerken sichtbar und h\u00f6rbar zu machen, und der Spa\u00df an Diskussionen, Aktionen, Vernetzung und Gebet in der digitalen Kirche.<\/p>\n<p>Im evangelischen Contentnetzwerk yeet k\u00f6nnen sich die Sinnfluencer:innen weiterentwickeln und untereinander vernetzen. Das yeet-Team unterst\u00fctzt sie in den Sozialen Medien durch Formatentwicklung, redaktionelle Begleitung und Beratung, Technik, Analyse und Marketing.<\/p>\n<h3>Neu mit dabei sind:<\/h3>\n<ul>\n<li><strong>Aaron Albert &#8211; Die Late-Night-Show<\/strong> auf dem YouTube-Kanal des Mediendienstes der Evangelischen Jugend Bramsche<\/li>\n<li><strong>Julia Schnizlein<\/strong>, evangelische Pfarrerin in der Wiener Diaspora mit ihrem Instagram-Profil @juliandthechurch<\/li>\n<li>den methodistischen Pfarrer <strong>Damian Carruthers<\/strong> mit dem Format \u201ecruciflix\u201c auf seinem YouTube-Kanal \u201ePastor DC\u201c<\/li>\n<li>Religionsp\u00e4dagogin und Vikarin <strong>Maike Sch\u00f6fer<\/strong> mit ihrem Instagram-Profil @ja.und.amen und Ausfl\u00fcgen zu TikTok<\/li>\n<li>Pfarrer <strong>Nico Ballmann<\/strong> aus K\u00f6ln, der auf Instagram als @einschpunk unterwegs ist<\/li>\n<li>Religionsp\u00e4dagogin <strong>Sarah Vecera<\/strong>, Referentin bei der Vereinten Evangelischen Mission (VEM), und ihr Instagram-Profil @moyo_me<\/li>\n<li>Theologiestudent <strong>Julius Radtke<\/strong> mit seinem Instagram-Profil @JuliusausmNorden<\/li>\n<li><strong>Miriam Hackl\u00e4nder<\/strong>, Theologiestudentin in Bonn und auf Instagram als @zwischen_himmel_und_hoelle unterwegs<\/li>\n<li>Alex Brandl, Vikar in M\u00fcnchen, mit seinem Instagram-Profil @alpha_und_oh_mega<\/li>\n<li><strong>nia wortmusik<\/strong>, ein Netzwerk f\u00fcr K\u00fcnstler:innen in Poetry-Slam und Musik,\u00a0mit dem YouTube-Kanal\u00a0\u201enia wortmusik\u201c\u00a0und dem Instagram-Account @nia_wortmusik\u00a0<\/li>\n<li>die Religionsp\u00e4dagoginnen <strong>Jule Grote und Elske G\u00f6deke<\/strong>, die im Podcast \u201eFl\u00fcsterfragen\u201c Fragen von Jugendlichen beantworten<\/li>\n<\/ul>\n<\/div>\n<p><script async defer src=\"https:\/\/platform.instagram.com\/en_US\/embeds.js\"><\/script><\/p>\n","protected":false},"excerpt":{"rendered":"<p>Der methodistische Pfarrer, der christliche Botschaften in Netflix-Serien findet, die Vikarin, die \u00f6kumenische Internetbisch\u00f6fe k\u00fcrt, die Religionsp\u00e4dagogin, die sich mit<\/p>\n","protected":false},"author":1,"featured_media":1881,"comment_status":"closed","ping_status":"closed","sticky":false,"template":"","format":"standard","meta":{"footnotes":""},"categories":[20],"tags":[],"_links":{"self":[{"href":"https:\/\/krankenhauspfarramt.de\/index.php\/wp-json\/wp\/v2\/posts\/1880"}],"collection":[{"href":"https:\/\/krankenhauspfarramt.de\/index.php\/wp-json\/wp\/v2\/posts"}],"about":[{"href":"https:\/\/krankenhauspfarramt.de\/index.php\/wp-json\/wp\/v2\/types\/post"}],"author":[{"embeddable":true,"href":"https:\/\/krankenhauspfarramt.de\/index.php\/wp-json\/wp\/v2\/users\/1"}],"replies":[{"embeddable":true,"href":"https:\/\/krankenhauspfarramt.de\/index.php\/wp-json\/wp\/v2\/comments?post=1880"}],"version-history":[{"count":1,"href":"https:\/\/krankenhauspfarramt.de\/index.php\/wp-json\/wp\/v2\/posts\/1880\/revisions"}],"predecessor-version":[{"id":1882,"href":"https:\/\/krankenhauspfarramt.de\/index.php\/wp-json\/wp\/v2\/posts\/1880\/revisions\/1882"}],"wp:featuredmedia":[{"embeddable":true,"href":"https:\/\/krankenhauspfarramt.de\/index.php\/wp-json\/wp\/v2\/media\/1881"}],"wp:attachment":[{"href":"https:\/\/krankenhauspfarramt.de\/index.php\/wp-json\/wp\/v2\/media?parent=1880"}],"wp:term":[{"taxonomy":"category","embeddable":true,"href":"https:\/\/krankenhauspfarramt.de\/index.php\/wp-json\/wp\/v2\/categories?post=1880"},{"taxonomy":"post_tag","embeddable":true,"href":"https:\/\/krankenhauspfarramt.de\/index.php\/wp-json\/wp\/v2\/tags?post=1880"}],"curies":[{"name":"wp","href":"https:\/\/api.w.org\/{rel}","templated":true}]}}