{"id":1884,"date":"2020-08-27T09:24:18","date_gmt":"2020-08-27T09:24:18","guid":{"rendered":"https:\/\/krankenhauspfarramt.de\/index.php\/2020\/08\/27\/appell-fuer-mehr-gesundheitsschutz-in-der-pflege-ekd\/"},"modified":"2020-08-27T09:24:20","modified_gmt":"2020-08-27T09:24:20","slug":"appell-fuer-mehr-gesundheitsschutz-in-der-pflege-ekd","status":"publish","type":"post","link":"https:\/\/krankenhauspfarramt.de\/index.php\/2020\/08\/27\/appell-fuer-mehr-gesundheitsschutz-in-der-pflege-ekd\/","title":{"rendered":"Appell f\u00fcr mehr Gesundheitsschutz in der Pflege \u2013 EKD"},"content":{"rendered":"<p> <br \/>\n<\/p>\n<div>\n<p>Au\u00dferdem m\u00fcsse die soziale Isolation, wie sie viele Menschen in Pflegeheimen erlebt h\u00e4tten, ein zweites Mal unbedingt verhindert werden, sagte Lilie mit Blick auf wochenlange Besuchsverbote in Pflegeheimen in der Vergangenheit. \u201eDiese Situation hat sowohl f\u00fcr die pflegebed\u00fcrftigen Menschen als auch f\u00fcr die Pflegekr\u00e4fte zu einer starken psychischen Belastung gef\u00fchrt\u201c, betonte der Pr\u00e4sident der Diakonie Deutschland. Er forderte zudem mehr \u201eRunde Tische\u201c zu Corona und den psychosozialen Folgen.<\/p>\n<h3>Wechselnde Vorgaben und hohes Risiko<\/h3>\n<p>Neher erinnerte daran, unter welchen Bedingungen die Mitarbeitenden in den Einrichtungen und sozialen Diensten der Pflege seit Monaten arbeiten: \u201eUnter wechselnden Vorgaben der Beh\u00f6rden halten sie den Betrieb am Laufen. Sie gehen dabei immer wieder mit gro\u00dfer Anstrengung \u00fcber die eigenen Grenzen hinaus und riskieren, sich selbst anzustecken.\u201c<\/p>\n<p>Bundeskanzlerin Merkel und die Ministerpr\u00e4sidenten der Bundesl\u00e4nder wollen am \u00a0Donnerstag \u00fcber die Fortsetzung bestehender oder m\u00f6gliche neue Ma\u00dfnahmen zur Eind\u00e4mmung der Corona-Pandemie beraten. Die Regierungschefs kommen am sp\u00e4ten Vormittag zu einer Videokonferenz zusammen.<\/p>\n<\/p><\/div>\n","protected":false},"excerpt":{"rendered":"<p>Au\u00dferdem m\u00fcsse die soziale Isolation, wie sie viele Menschen in Pflegeheimen erlebt h\u00e4tten, ein zweites Mal unbedingt verhindert werden, sagte<\/p>\n","protected":false},"author":1,"featured_media":1885,"comment_status":"closed","ping_status":"closed","sticky":false,"template":"","format":"standard","meta":{"footnotes":""},"categories":[20],"tags":[],"_links":{"self":[{"href":"https:\/\/krankenhauspfarramt.de\/index.php\/wp-json\/wp\/v2\/posts\/1884"}],"collection":[{"href":"https:\/\/krankenhauspfarramt.de\/index.php\/wp-json\/wp\/v2\/posts"}],"about":[{"href":"https:\/\/krankenhauspfarramt.de\/index.php\/wp-json\/wp\/v2\/types\/post"}],"author":[{"embeddable":true,"href":"https:\/\/krankenhauspfarramt.de\/index.php\/wp-json\/wp\/v2\/users\/1"}],"replies":[{"embeddable":true,"href":"https:\/\/krankenhauspfarramt.de\/index.php\/wp-json\/wp\/v2\/comments?post=1884"}],"version-history":[{"count":1,"href":"https:\/\/krankenhauspfarramt.de\/index.php\/wp-json\/wp\/v2\/posts\/1884\/revisions"}],"predecessor-version":[{"id":1886,"href":"https:\/\/krankenhauspfarramt.de\/index.php\/wp-json\/wp\/v2\/posts\/1884\/revisions\/1886"}],"wp:featuredmedia":[{"embeddable":true,"href":"https:\/\/krankenhauspfarramt.de\/index.php\/wp-json\/wp\/v2\/media\/1885"}],"wp:attachment":[{"href":"https:\/\/krankenhauspfarramt.de\/index.php\/wp-json\/wp\/v2\/media?parent=1884"}],"wp:term":[{"taxonomy":"category","embeddable":true,"href":"https:\/\/krankenhauspfarramt.de\/index.php\/wp-json\/wp\/v2\/categories?post=1884"},{"taxonomy":"post_tag","embeddable":true,"href":"https:\/\/krankenhauspfarramt.de\/index.php\/wp-json\/wp\/v2\/tags?post=1884"}],"curies":[{"name":"wp","href":"https:\/\/api.w.org\/{rel}","templated":true}]}}